{"id":9418,"date":"2025-06-16T13:23:10","date_gmt":"2025-06-16T16:23:10","guid":{"rendered":"https:\/\/3260.com.ar\/web\/?p=9418"},"modified":"2025-06-16T13:23:13","modified_gmt":"2025-06-16T16:23:13","slug":"buen-trato-a-personas-mayores","status":"publish","type":"post","link":"https:\/\/3260.com.ar\/web\/buen-trato-a-personas-mayores\/","title":{"rendered":"BUEN TRATO A PERSONAS MAYORES"},"content":{"rendered":"\n<p>La Facultad de Ciencias de la Salud de la UNER, con el acompa\u00f1amiento de la Municipalidad, invita a participar de una jornada destinada a personas mayores de 60 a\u00f1os. La actividad se realizar\u00e1 el martes 17 de junio, a partir de las 10 horas, en el hall de ingreso a la facultad (Lorenzo Sartorio 2160 Concepci\u00f3n del Uruguay).<\/p>\n\n\n\n<p>El evento se enmarca en el D\u00eda Mundial de Toma de Conciencia del Abuso y Maltrato en la Vejez, que se conmemora cada 15 de junio, y entre los objetivos de la jornada se destacan reducir la brecha generacional, reforzar los lazos comunitarios y fomentar el intercambio de experiencias, mediante actividades intergeneracionales pensadas para facilitar el di\u00e1logo y la participaci\u00f3n activa.<\/p>\n\n\n\n<p>La propuesta busca generar un espacio de encuentro y reflexi\u00f3n para fortalecer el respeto, la escucha y los v\u00ednculos solidarios entre generaciones, promoviendo el reconocimiento del valor que representa la experiencia de las personas mayores en la construcci\u00f3n de una sociedad m\u00e1s justa.<\/p>\n\n\n\n<p>La organizaci\u00f3n pondr\u00e1 a disposici\u00f3n una trafic para concurrir al encuentro, las personas interesadas pueden comunicarse al 3442-508877 o escribir a adultomayor.fcs@uner.edu.ar para recibir m\u00e1s informaci\u00f3n y reservar su lugar.<\/p>\n","protected":false},"excerpt":{"rendered":"<p>La Facultad de Ciencias de la Salud de la UNER, con el acompa\u00f1amiento de la Municipalidad, invita a participar de una jornada destinada a personas mayores de 60 a\u00f1os. La actividad se realizar\u00e1 el martes 17 de junio, a partir de las 10 horas, en el hall de ingreso a la facultad (Lorenzo Sartorio 2160 [&hellip;]<\/p>\n","protected":false},"author":3,"featured_media":9419,"comment_status":"closed","ping_status":"closed","sticky":false,"template":"","format":"standard","meta":{"_jetpack_memberships_contains_paid_content":false,"footnotes":"","jetpack_publicize_message":"","jetpack_publicize_feature_enabled":true,"jetpack_social_post_already_shared":true,"jetpack_social_options":{"image_generator_settings":{"template":"highway","default_image_id":0,"enabled":false},"version":2}},"categories":[176],"tags":[60,2631,2326],"class_list":["post-9418","post","type-post","status-publish","format-standard","has-post-thumbnail","hentry","category-educacion","tag-60","tag-buen-trato-a-personas-mayores","tag-fcs-uner"],"jetpack_publicize_connections":[],"jetpack_featured_media_url":"https:\/\/3260.com.ar\/web\/wp-content\/uploads\/2025\/06\/Personas-mayores.jpg","jetpack_sharing_enabled":true,"_links":{"self":[{"href":"https:\/\/3260.com.ar\/web\/wp-json\/wp\/v2\/posts\/9418","targetHints":{"allow":["GET"]}}],"collection":[{"href":"https:\/\/3260.com.ar\/web\/wp-json\/wp\/v2\/posts"}],"about":[{"href":"https:\/\/3260.com.ar\/web\/wp-json\/wp\/v2\/types\/post"}],"author":[{"embeddable":true,"href":"https:\/\/3260.com.ar\/web\/wp-json\/wp\/v2\/users\/3"}],"replies":[{"embeddable":true,"href":"https:\/\/3260.com.ar\/web\/wp-json\/wp\/v2\/comments?post=9418"}],"version-history":[{"count":1,"href":"https:\/\/3260.com.ar\/web\/wp-json\/wp\/v2\/posts\/9418\/revisions"}],"predecessor-version":[{"id":9420,"href":"https:\/\/3260.com.ar\/web\/wp-json\/wp\/v2\/posts\/9418\/revisions\/9420"}],"wp:featuredmedia":[{"embeddable":true,"href":"https:\/\/3260.com.ar\/web\/wp-json\/wp\/v2\/media\/9419"}],"wp:attachment":[{"href":"https:\/\/3260.com.ar\/web\/wp-json\/wp\/v2\/media?parent=9418"}],"wp:term":[{"taxonomy":"category","embeddable":true,"href":"https:\/\/3260.com.ar\/web\/wp-json\/wp\/v2\/categories?post=9418"},{"taxonomy":"post_tag","embeddable":true,"href":"https:\/\/3260.com.ar\/web\/wp-json\/wp\/v2\/tags?post=9418"}],"curies":[{"name":"wp","href":"https:\/\/api.w.org\/{rel}","templated":true}]}}