{"id":9424,"date":"2025-06-17T22:05:37","date_gmt":"2025-06-18T01:05:37","guid":{"rendered":"https:\/\/3260.com.ar\/web\/?p=9424"},"modified":"2025-06-17T22:07:53","modified_gmt":"2025-06-18T01:07:53","slug":"promesa-de-lealtad-a-la-bandera-nacional","status":"publish","type":"post","link":"https:\/\/3260.com.ar\/web\/promesa-de-lealtad-a-la-bandera-nacional\/","title":{"rendered":"PROMESA DE LEALTAD A LA BANDERA NACIONAL"},"content":{"rendered":"\n<p>Como es tradicional el 20 de junio se recuerda \u00abEL D\u00cdA DE LA BANDERA\u00bb en toda la Rep\u00fablica Argentina.<\/p>\n\n\n\n<p>Por tal motivo el acto central en Concepci\u00f3n del Uruguay ser\u00e1 en la Plaza Ramirez.  A las 8.00 hs ser\u00e1 izada la bandera Argentina, tras lo cual se colocar\u00e1n ofrendas florales frente al busto del Gral. Manuel Belgrano, ubicado en Galarza y 25 de Mayo.  Desde las 11.00 hs el acto formal presidido por el Intendente Municipal Dr Jos\u00e9 Lauritto, seguramente seguido por infinidad de familiares que acompa\u00f1ar\u00e1n a los estudiantes de cuarto grado de la escolaridad primaria. <\/p>\n\n\n\n<p>La particularidad de este a\u00f1o se centra en el cumplimiento del mandato dado por la Ley Provincial N\u00b0 11.197 que dispone <strong><em> la promesa ser\u00e1 tomada por ex combatientes y veteranos de la Guerra de Malvinas, \u201cen homenaje al heroico acto en defensa de nuestra Patria\u201d<\/em><\/strong>.<\/p>\n\n\n\n<p>El sentir popular infiere que nadie m\u00e1s que los <strong><em>H\u00c9ROES COMBATIENTES DE MALVINAS<\/em><\/strong>, conocen plenamente lo que es defender y honrar la bandera nacional. En consecuencia es oportuno, pertinente y justo el texto de la Ley 11.197.-<\/p>\n\n\n\n<p>La ceremonia por el D\u00eda de la Bandera incluir\u00e1 revista de tropas y saludo del Presidente Municipal a la Agrupaci\u00f3n \u201c20 de Junio\u201d.<\/p>\n\n\n\n<p>Las actividades oficiales finalizar\u00e1n con el arr\u00edo del pabell\u00f3n nacional, que se realizar\u00e1 a las 18 horas. En caso de lluvia, la ceremonia principal se desarrollar\u00e1 en el Colegio del Uruguay.<\/p>\n","protected":false},"excerpt":{"rendered":"<p>Como es tradicional el 20 de junio se recuerda \u00abEL D\u00cdA DE LA BANDERA\u00bb en toda la Rep\u00fablica Argentina. Por tal motivo el acto central en Concepci\u00f3n del Uruguay ser\u00e1 en la Plaza Ramirez. A las 8.00 hs ser\u00e1 izada la bandera Argentina, tras lo cual se colocar\u00e1n ofrendas florales frente al busto del Gral. [&hellip;]<\/p>\n","protected":false},"author":3,"featured_media":9425,"comment_status":"closed","ping_status":"closed","sticky":false,"template":"","format":"standard","meta":{"_jetpack_memberships_contains_paid_content":false,"footnotes":"","jetpack_publicize_message":"","jetpack_publicize_feature_enabled":true,"jetpack_social_post_already_shared":true,"jetpack_social_options":{"image_generator_settings":{"template":"highway","default_image_id":0,"enabled":false},"version":2}},"categories":[174],"tags":[60,2166,2633],"class_list":["post-9424","post","type-post","status-publish","format-standard","has-post-thumbnail","hentry","category-cultura","tag-60","tag-dia-de-la-bandera","tag-promesa-de-lealtad-a-la-bandera"],"jetpack_publicize_connections":[],"jetpack_featured_media_url":"https:\/\/3260.com.ar\/web\/wp-content\/uploads\/2025\/06\/Bandera-con-combatientes-de-Malvinas.jpg","jetpack_sharing_enabled":true,"_links":{"self":[{"href":"https:\/\/3260.com.ar\/web\/wp-json\/wp\/v2\/posts\/9424","targetHints":{"allow":["GET"]}}],"collection":[{"href":"https:\/\/3260.com.ar\/web\/wp-json\/wp\/v2\/posts"}],"about":[{"href":"https:\/\/3260.com.ar\/web\/wp-json\/wp\/v2\/types\/post"}],"author":[{"embeddable":true,"href":"https:\/\/3260.com.ar\/web\/wp-json\/wp\/v2\/users\/3"}],"replies":[{"embeddable":true,"href":"https:\/\/3260.com.ar\/web\/wp-json\/wp\/v2\/comments?post=9424"}],"version-history":[{"count":2,"href":"https:\/\/3260.com.ar\/web\/wp-json\/wp\/v2\/posts\/9424\/revisions"}],"predecessor-version":[{"id":9427,"href":"https:\/\/3260.com.ar\/web\/wp-json\/wp\/v2\/posts\/9424\/revisions\/9427"}],"wp:featuredmedia":[{"embeddable":true,"href":"https:\/\/3260.com.ar\/web\/wp-json\/wp\/v2\/media\/9425"}],"wp:attachment":[{"href":"https:\/\/3260.com.ar\/web\/wp-json\/wp\/v2\/media?parent=9424"}],"wp:term":[{"taxonomy":"category","embeddable":true,"href":"https:\/\/3260.com.ar\/web\/wp-json\/wp\/v2\/categories?post=9424"},{"taxonomy":"post_tag","embeddable":true,"href":"https:\/\/3260.com.ar\/web\/wp-json\/wp\/v2\/tags?post=9424"}],"curies":[{"name":"wp","href":"https:\/\/api.w.org\/{rel}","templated":true}]}}