{"id":9448,"date":"2025-06-23T14:57:16","date_gmt":"2025-06-23T17:57:16","guid":{"rendered":"https:\/\/3260.com.ar\/web\/?p=9448"},"modified":"2025-06-23T14:57:17","modified_gmt":"2025-06-23T17:57:17","slug":"ninez-y-discapacidad-en-perspectiva-de-familia","status":"publish","type":"post","link":"https:\/\/3260.com.ar\/web\/ninez-y-discapacidad-en-perspectiva-de-familia\/","title":{"rendered":"NI\u00d1EZ Y DISCAPACIDAD EN PERSPECTIVA DE FAMILIA"},"content":{"rendered":"\n<p>El pr\u00f3ximo viernes 27 de junio de 2025 desde las 18.30 hs en el Sal\u00f3n Juan Pablo II (Leguizam\u00f3n 121 Concepci\u00f3n del Uruguay) se desarrollar\u00e1 un conversatorio organizado por la ONG Proyecto ImanginArte. <\/p>\n\n\n\n<p>La ni\u00f1ez y discapacidad:  su relaci\u00f3n con la familia\u00a0se aborda desde una perspectiva de derechos, reconociendo que deben crecer en un ambiente familiar que les brinde amor y protecci\u00f3n.\u00a0La familia juega un papel fundamental en el desarrollo y bienestar de estos ni\u00f1os y ni\u00f1as, actuando como enlace con la escuela, la recreaci\u00f3n, la salud y lo social.<\/p>\n\n\n\n<p>Disertantes:<\/p>\n\n\n\n<p>Invitado Especial: Dr. Atilio Alvarez.<\/p>\n\n\n\n<p>Marianela Marclay, Sec. de Desarrollo Social de la Municipalidad; Fabi\u00e1n Galarraga Coord. Proyecto ImaginArte.<\/p>\n\n\n\n<p>Habr\u00e1 servicio de interpretaci\u00f3n de LSA-E.<\/p>\n\n\n\n<p>Inscripciones con tu curso aqu\u00ed: <a href=\"https:\/\/forms.gle\/uaxH8RmQGd9heCDi7?fbclid=IwZXh0bgNhZW0CMTAAYnJpZBExNFRzY3M3N3ZNbkp2eW5xeQEeABoxJd6ChPfiFGFe7bWff_eVV1-6XpC84EoARfj23HPw_p5klp8MJS2EXCg_aem_f_o-TDlUEkr_Zddd51AtPw\" target=\"_blank\" rel=\"noreferrer noopener\">https:\/\/forms.gle\/uaxH8RmQGd9heCDi7<\/a><\/p>\n\n\n\n<p><\/p>\n","protected":false},"excerpt":{"rendered":"<p>El pr\u00f3ximo viernes 27 de junio de 2025 desde las 18.30 hs en el Sal\u00f3n Juan Pablo II (Leguizam\u00f3n 121 Concepci\u00f3n del Uruguay) se desarrollar\u00e1 un conversatorio organizado por la ONG Proyecto ImanginArte. La ni\u00f1ez y discapacidad: su relaci\u00f3n con la familia\u00a0se aborda desde una perspectiva de derechos, reconociendo que deben crecer en un ambiente [&hellip;]<\/p>\n","protected":false},"author":3,"featured_media":9449,"comment_status":"closed","ping_status":"closed","sticky":false,"template":"","format":"standard","meta":{"_jetpack_memberships_contains_paid_content":false,"footnotes":"","jetpack_publicize_message":"","jetpack_publicize_feature_enabled":true,"jetpack_social_post_already_shared":true,"jetpack_social_options":{"image_generator_settings":{"template":"highway","default_image_id":0,"enabled":false},"version":2}},"categories":[174],"tags":[60,2641,2640],"class_list":["post-9448","post","type-post","status-publish","format-standard","has-post-thumbnail","hentry","category-cultura","tag-60","tag-imanginarte-ong","tag-ninez-y-discapacidad-en-perspectiva-de-familia"],"jetpack_publicize_connections":[],"jetpack_featured_media_url":"https:\/\/3260.com.ar\/web\/wp-content\/uploads\/2025\/06\/ImaninARTE-JPG.jpg","jetpack_sharing_enabled":true,"_links":{"self":[{"href":"https:\/\/3260.com.ar\/web\/wp-json\/wp\/v2\/posts\/9448","targetHints":{"allow":["GET"]}}],"collection":[{"href":"https:\/\/3260.com.ar\/web\/wp-json\/wp\/v2\/posts"}],"about":[{"href":"https:\/\/3260.com.ar\/web\/wp-json\/wp\/v2\/types\/post"}],"author":[{"embeddable":true,"href":"https:\/\/3260.com.ar\/web\/wp-json\/wp\/v2\/users\/3"}],"replies":[{"embeddable":true,"href":"https:\/\/3260.com.ar\/web\/wp-json\/wp\/v2\/comments?post=9448"}],"version-history":[{"count":1,"href":"https:\/\/3260.com.ar\/web\/wp-json\/wp\/v2\/posts\/9448\/revisions"}],"predecessor-version":[{"id":9450,"href":"https:\/\/3260.com.ar\/web\/wp-json\/wp\/v2\/posts\/9448\/revisions\/9450"}],"wp:featuredmedia":[{"embeddable":true,"href":"https:\/\/3260.com.ar\/web\/wp-json\/wp\/v2\/media\/9449"}],"wp:attachment":[{"href":"https:\/\/3260.com.ar\/web\/wp-json\/wp\/v2\/media?parent=9448"}],"wp:term":[{"taxonomy":"category","embeddable":true,"href":"https:\/\/3260.com.ar\/web\/wp-json\/wp\/v2\/categories?post=9448"},{"taxonomy":"post_tag","embeddable":true,"href":"https:\/\/3260.com.ar\/web\/wp-json\/wp\/v2\/tags?post=9448"}],"curies":[{"name":"wp","href":"https:\/\/api.w.org\/{rel}","templated":true}]}}