{"id":9451,"date":"2025-06-24T00:02:00","date_gmt":"2025-06-24T03:02:00","guid":{"rendered":"https:\/\/3260.com.ar\/web\/?p=9451"},"modified":"2025-06-23T16:05:53","modified_gmt":"2025-06-23T19:05:53","slug":"autocuidado-para-evitar-enfermedades-respiratorias","status":"publish","type":"post","link":"https:\/\/3260.com.ar\/web\/autocuidado-para-evitar-enfermedades-respiratorias\/","title":{"rendered":"AUTOCUIDADO PARA EVITAR ENFERMEDADES RESPIRATORIAS"},"content":{"rendered":"\n<p><strong>Ante el descenso de las temperaturas y la aproximaci\u00f3n de la temporada invernal, el Ministerio de Salud de Entre R\u00edos recuerda la importancia de sostener las medidas de prevenci\u00f3n ya conocidas para evitar infecciones respiratorias y frenar su contagio.<\/strong><\/p>\n\n\n\n<p>Entre las principales medidas contra enfermedades respiratorias como gripe, bronquiolitis, bronquitis y neumon\u00eda, los equipos de salud recomiendan la vacunaci\u00f3n contemplada en el Calendario Nacional (CNV), la higiene y la ventilaci\u00f3n de los espacios.<\/p>\n\n\n\n<p>Tambi\u00e9n es clave no automedicarse ni usar remedios caseros para no interferir en el diagn\u00f3stico o producir una intoxicaci\u00f3n grave; cubrirse la boca al toser o estornudar con un pa\u00f1uelo descartable o con el pliegue del codo para evitar contagios; tirar a la basura los pa\u00f1uelos descartables inmediatamente despu\u00e9s de usarlos y no compartir art\u00edculos personales como mate, vasos, cubiertos y utensilios.<\/p>\n\n\n\n<p>En el caso de detectar s\u00edntomas de enfermedad respiratoria como fiebre u otros que dificulten las actividades habituales, la recomendaci\u00f3n es quedarse en el hogar y evitar el contacto con otras personas hasta sentirse mejor y que hayan pasado al menos 24 horas de la desaparici\u00f3n de la fiebre.<\/p>\n\n\n\n<p><strong>Vacunaci\u00f3n<\/strong><\/p>\n\n\n\n<p>Respecto a las vacunas,&nbsp;<strong>la gripe<\/strong>&nbsp;contempla la aplicaci\u00f3n de dos dosis con un intervalo de cuatro semanas para quienes tienen entre seis y 24 meses, si es la primera vez que se vacunan. En el caso de tenerlas, deben recibir la dosis anual.<\/p>\n\n\n\n<p>Quienes est\u00e1n en condiciones de recibir la dosis anual de la vacuna antigripal son: el personal de salud, las personas mayores de 65 a\u00f1os, las personas gestantes, en puerperio hasta 10 d\u00edas posteriores al egreso de la maternidad (si no se vacunaron durante el embarazo) y quienes tengan factores de riesgo. Para acreditar la existencia de estas condiciones de riesgo enumeradas se puede presentar orden m\u00e9dica o documentaci\u00f3n que lo certifique.<\/p>\n\n\n\n<p>En tanto la vacuna contra&nbsp;<strong>el neumococo<\/strong>&nbsp;est\u00e1 indicada para: ni\u00f1os a los dos, cuatro y 12 meses de vida; adultos mayores de 65 a\u00f1os; personas de cinco a 64 a\u00f1os con problemas en su sistema inmunol\u00f3gico o con enfermedades cr\u00f3nicas (respiratorias, card\u00edacas, hep\u00e1ticas, diabetes, entre otras). Cabe destacar que, en este caso, las personas con factores de riesgo pueden presentar orden m\u00e9dica o cualquier documentaci\u00f3n que acredite la existencia de condiciones de riesgo.<\/p>\n\n\n\n<p>Asimismo, otra enfermedad respiratoria que cuenta con vacunas preventivas es&nbsp;<strong>la tos convulsa<\/strong>. El CNV prev\u00e9 esquemas para cada etapa de la vida. A saber: La vacuna Qu\u00edntuple para personas de dos, cuatro y seis meses de vida y un Refuerzo: entre los 15 a 18 meses. Una dosis de Triple Bacteriana Celular a los cinco a\u00f1os. Una dosis de Triple Bacteriana Acelular a los 11 a\u00f1os y en cada embarazo, despu\u00e9s de la semana 20 de gestaci\u00f3n.<\/p>\n\n\n\n<p><strong>Otras medidas de prevenci\u00f3n<\/strong><\/p>\n\n\n\n<p>No automedicarse ni usar remedios caseros, ni tampoco en menores de edad. Esto podr\u00eda dificultar un diagn\u00f3stico correcto, empeorar el cuadro o producir una intoxicaci\u00f3n grave.<\/p>\n\n\n\n<p>Evitar el contacto con personas susceptibles de presentar complicaciones durante al menos cinco d\u00edas desde el inicio de los s\u00edntomas y, luego, extremar cuidados hasta el d\u00e9cimo d\u00eda (usar barbijo, ventilar los ambientes, lavarse las manos).<\/p>\n\n\n\n<p>Limpiar las superficies en contacto con personas enfermas con agua y detergente o jab\u00f3n, o soluci\u00f3n de alcohol al 70 por ciento.<\/p>\n\n\n\n<p>Si los s\u00edntomas empeoran o persisten, realizar una consulta al centro de salud o guardia hospitalaria m\u00e1s cercana, teniendo en cuenta los espacios de atenci\u00f3n diferenciada de enfermedades respiratorias.<\/p>\n\n\n\n<p>Tambi\u00e9n es importante utilizar un barbijo o cubreboca a la hora de higienizar y vestir a los beb\u00e9s, preparar o darles la comida, ba\u00f1arlos, tenerlos en brazos y jugar con ellos.<\/p>\n","protected":false},"excerpt":{"rendered":"<p>Ante el descenso de las temperaturas y la aproximaci\u00f3n de la temporada invernal, el Ministerio de Salud de Entre R\u00edos recuerda la importancia de sostener las medidas de prevenci\u00f3n ya conocidas para evitar infecciones respiratorias y frenar su contagio. Entre las principales medidas contra enfermedades respiratorias como gripe, bronquiolitis, bronquitis y neumon\u00eda, los equipos de [&hellip;]<\/p>\n","protected":false},"author":3,"featured_media":1832,"comment_status":"closed","ping_status":"closed","sticky":false,"template":"","format":"standard","meta":{"_jetpack_memberships_contains_paid_content":false,"footnotes":"","jetpack_publicize_message":"","jetpack_publicize_feature_enabled":true,"jetpack_social_post_already_shared":true,"jetpack_social_options":{"image_generator_settings":{"template":"highway","default_image_id":0,"enabled":false},"version":2}},"categories":[176],"tags":[60,2642,2097],"class_list":["post-9451","post","type-post","status-publish","format-standard","has-post-thumbnail","hentry","category-educacion","tag-60","tag-autocuidado","tag-enfermedades-respiratorias"],"jetpack_publicize_connections":[],"jetpack_featured_media_url":"https:\/\/3260.com.ar\/web\/wp-content\/uploads\/2020\/10\/higiene-y-seguridad.gif","jetpack_sharing_enabled":true,"_links":{"self":[{"href":"https:\/\/3260.com.ar\/web\/wp-json\/wp\/v2\/posts\/9451","targetHints":{"allow":["GET"]}}],"collection":[{"href":"https:\/\/3260.com.ar\/web\/wp-json\/wp\/v2\/posts"}],"about":[{"href":"https:\/\/3260.com.ar\/web\/wp-json\/wp\/v2\/types\/post"}],"author":[{"embeddable":true,"href":"https:\/\/3260.com.ar\/web\/wp-json\/wp\/v2\/users\/3"}],"replies":[{"embeddable":true,"href":"https:\/\/3260.com.ar\/web\/wp-json\/wp\/v2\/comments?post=9451"}],"version-history":[{"count":1,"href":"https:\/\/3260.com.ar\/web\/wp-json\/wp\/v2\/posts\/9451\/revisions"}],"predecessor-version":[{"id":9452,"href":"https:\/\/3260.com.ar\/web\/wp-json\/wp\/v2\/posts\/9451\/revisions\/9452"}],"wp:featuredmedia":[{"embeddable":true,"href":"https:\/\/3260.com.ar\/web\/wp-json\/wp\/v2\/media\/1832"}],"wp:attachment":[{"href":"https:\/\/3260.com.ar\/web\/wp-json\/wp\/v2\/media?parent=9451"}],"wp:term":[{"taxonomy":"category","embeddable":true,"href":"https:\/\/3260.com.ar\/web\/wp-json\/wp\/v2\/categories?post=9451"},{"taxonomy":"post_tag","embeddable":true,"href":"https:\/\/3260.com.ar\/web\/wp-json\/wp\/v2\/tags?post=9451"}],"curies":[{"name":"wp","href":"https:\/\/api.w.org\/{rel}","templated":true}]}}