{"id":9463,"date":"2025-06-29T19:01:00","date_gmt":"2025-06-29T22:01:00","guid":{"rendered":"https:\/\/3260.com.ar\/web\/?p=9463"},"modified":"2025-06-28T19:44:23","modified_gmt":"2025-06-28T22:44:23","slug":"curso-introductorio-extensivo-2026-u-a-d-e-r","status":"publish","type":"post","link":"https:\/\/3260.com.ar\/web\/curso-introductorio-extensivo-2026-u-a-d-e-r\/","title":{"rendered":"CURSO INTRODUCTORIO EXTENSIVO 2026 U.A.D.E.R."},"content":{"rendered":"\n<p>La Facultad de Ciencia y Tecnolog\u00eda de UADER sede Concepci\u00f3n del Uruguay abre las pre inscripciones para el ciclo 2026.<\/p>\n\n\n\n<p>Si usted est\u00e1 interesado en la Ciencia y la Tecnolog\u00eda, puede analizar  algunas de las carreras del futuro que se dictan en la Facultad de Ciencia y Tecnolog\u00eda Sede Concepci\u00f3n del Uruguay:<\/p>\n\n\n\n<p>Ingenier\u00eda en Telecomunicaciones<\/p>\n\n\n\n<p>Licenciatura en Automatizaci\u00f3n y Control de Procesos Industriales<\/p>\n\n\n\n<p>Tecnicatura en Automatizaci\u00f3n y Control de Procesos Industriales<\/p>\n\n\n\n<p>Licenciatura en Sistemas de Informaci\u00f3n<\/p>\n\n\n\n<p>Analista de Sistemas<\/p>\n\n\n\n<p>Profesorado en Biolog\u00eda<\/p>\n\n\n\n<p>Profesorado en F\u00edsica<\/p>\n\n\n\n<p>Profesorado en Matem\u00e1tica<\/p>\n\n\n\n<p>Profesorado en Qu\u00edmica<\/p>\n\n\n\n<p>Inscribirte a trav\u00e9s del formulario online a partir del 23 de junio del 2025 hasta el 08 de agosto del mismo a\u00f1o: <a href=\"https:\/\/l.facebook.com\/l.php?u=https%3A%2F%2Fpreinscripcion.uader.edu.ar%2Fpreinscripcion%2Funiversidad%2Facceso%3Fauth%3Dform%26fbclid%3DIwZXh0bgNhZW0CMTAAYnJpZBExTVRRZGF5ZTh3TWRVSHh1NwEetphgUo6i5BZ-GoVP1lJuG-EjFu9wUBXmekb5fphySAn7xSml6Ub9J1G76uU_aem_RBbn8SWSWp87XmVlX3EGVg&amp;h=AT0YF7VZyQoEs66FRIMRBMWKOZ96tmLqeccz4PaU3Dx9VCOtsutf9NLl3vkxPoZGMWI3785AsUFu3V-C4ujYPo_4gZjDzH20xyT2QDuXdW2oX24ZKjmqi88bS4FeJeXG9Mx9AUZervdv7WBj&amp;__tn__=-UK-R&amp;c[0]=AT1yvbzczKRWFTokF0JFIaidOPx4sMDZeUTjRo8fVILfQITI-MCty_maaCCLueiGt3r395Dg8VOtITuPyskZDsyEu-x-AFtVt5-aPuXfFAa1cvMOJdbXc_uKFRSnbcVKVDL4fRp6i0EBE92dRsenNYHeZF2uKN_wNvDGywqnU6CvngpZkJoBovw808kMlhOIzo3eNzCN1MYaaYD8h31XzmEDsEpB119FUA\" target=\"_blank\" rel=\"noreferrer noopener\">https:\/\/preinscripcion.uader.edu.ar\/&#8230;\/univers&#8230;\/acceso&#8230;<\/a><\/p>\n\n\n\n<p><strong><em>Sobre el curso de Ingreso Extensivo:<\/em><\/strong><\/p>\n\n\n\n<p>Comenzar\u00e1 el 11 de agosto de 2025 y finalizar\u00e1 la primera semana de noviembre del mismo a\u00f1o.<\/p>\n\n\n\n<p>La modalidad de cursada ser\u00e1 combinada; predominando las clases virtuales por sobre las presenciales.<\/p>\n\n\n\n<p>M\u00e1s informaci\u00f3n: <a href=\"https:\/\/l.facebook.com\/l.php?u=https%3A%2F%2Ffcytcdelu.uader.edu.ar%2Fingreso2026%3Ffbclid%3DIwZXh0bgNhZW0CMTAAYnJpZBExTVRRZGF5ZTh3TWRVSHh1NwEeeXMHZ0IKYpzF4EivLFDmBblo3PaPlGVByKKnKx7sIZu0SmUdohC41lvUbM4_aem_BZPfmoY9UGJGch0P-LSBqg&amp;h=AT195y9i8tI5ub7vLqV11gmH1EwA21l_JpWrRAFqTz3qkl7r99qEubC83YMmXvmrkHg7yaq6yyOKBH8kJtRAnc1UUeu55upR6mQtgYVjp5r_zVMwdmwbhQuTcu6Kx4vFYbDOodqxw58_ADZe&amp;__tn__=-UK-R&amp;c[0]=AT1yvbzczKRWFTokF0JFIaidOPx4sMDZeUTjRo8fVILfQITI-MCty_maaCCLueiGt3r395Dg8VOtITuPyskZDsyEu-x-AFtVt5-aPuXfFAa1cvMOJdbXc_uKFRSnbcVKVDL4fRp6i0EBE92dRsenNYHeZF2uKN_wNvDGywqnU6CvngpZkJoBovw808kMlhOIzo3eNzCN1MYaaYD8h31XzmEDsEpB119FUA\" target=\"_blank\" rel=\"noreferrer noopener\">https:\/\/fcytcdelu.uader.edu.ar\/ingreso2026<\/a><\/p>\n\n\n\n<p><\/p>\n","protected":false},"excerpt":{"rendered":"<p>La Facultad de Ciencia y Tecnolog\u00eda de UADER sede Concepci\u00f3n del Uruguay abre las pre inscripciones para el ciclo 2026. Si usted est\u00e1 interesado en la Ciencia y la Tecnolog\u00eda, puede analizar algunas de las carreras del futuro que se dictan en la Facultad de Ciencia y Tecnolog\u00eda Sede Concepci\u00f3n del Uruguay: Ingenier\u00eda en Telecomunicaciones [&hellip;]<\/p>\n","protected":false},"author":3,"featured_media":9464,"comment_status":"closed","ping_status":"closed","sticky":false,"template":"","format":"standard","meta":{"_jetpack_memberships_contains_paid_content":false,"footnotes":"","jetpack_publicize_message":"","jetpack_publicize_feature_enabled":true,"jetpack_social_post_already_shared":true,"jetpack_social_options":{"image_generator_settings":{"template":"highway","default_image_id":0,"enabled":false},"version":2}},"categories":[176],"tags":[60,2648,2647],"class_list":["post-9463","post","type-post","status-publish","format-standard","has-post-thumbnail","hentry","category-educacion","tag-60","tag-facultad-ciencia-y-tecnologia","tag-pre-inscripcion-uader"],"jetpack_publicize_connections":[],"jetpack_featured_media_url":"https:\/\/3260.com.ar\/web\/wp-content\/uploads\/2025\/06\/UADER-pre-inscripcion-2026.jpg","jetpack_sharing_enabled":true,"_links":{"self":[{"href":"https:\/\/3260.com.ar\/web\/wp-json\/wp\/v2\/posts\/9463","targetHints":{"allow":["GET"]}}],"collection":[{"href":"https:\/\/3260.com.ar\/web\/wp-json\/wp\/v2\/posts"}],"about":[{"href":"https:\/\/3260.com.ar\/web\/wp-json\/wp\/v2\/types\/post"}],"author":[{"embeddable":true,"href":"https:\/\/3260.com.ar\/web\/wp-json\/wp\/v2\/users\/3"}],"replies":[{"embeddable":true,"href":"https:\/\/3260.com.ar\/web\/wp-json\/wp\/v2\/comments?post=9463"}],"version-history":[{"count":1,"href":"https:\/\/3260.com.ar\/web\/wp-json\/wp\/v2\/posts\/9463\/revisions"}],"predecessor-version":[{"id":9465,"href":"https:\/\/3260.com.ar\/web\/wp-json\/wp\/v2\/posts\/9463\/revisions\/9465"}],"wp:featuredmedia":[{"embeddable":true,"href":"https:\/\/3260.com.ar\/web\/wp-json\/wp\/v2\/media\/9464"}],"wp:attachment":[{"href":"https:\/\/3260.com.ar\/web\/wp-json\/wp\/v2\/media?parent=9463"}],"wp:term":[{"taxonomy":"category","embeddable":true,"href":"https:\/\/3260.com.ar\/web\/wp-json\/wp\/v2\/categories?post=9463"},{"taxonomy":"post_tag","embeddable":true,"href":"https:\/\/3260.com.ar\/web\/wp-json\/wp\/v2\/tags?post=9463"}],"curies":[{"name":"wp","href":"https:\/\/api.w.org\/{rel}","templated":true}]}}