{"id":9466,"date":"2025-06-25T13:18:42","date_gmt":"2025-06-25T16:18:42","guid":{"rendered":"https:\/\/3260.com.ar\/web\/?p=9466"},"modified":"2025-06-25T13:20:41","modified_gmt":"2025-06-25T16:20:41","slug":"o-s-e-r-la-obra-social-decidio-que-sus-afiliados-no-vean-bien","status":"publish","type":"post","link":"https:\/\/3260.com.ar\/web\/o-s-e-r-la-obra-social-decidio-que-sus-afiliados-no-vean-bien\/","title":{"rendered":"O.S.E.R. (ex Iosper) LA OBRA SOCIAL DECIDI\u00d3 QUE SUS AFILIADOS NO VEAN BIEN"},"content":{"rendered":"\n<p>El Poder Ejecutivo promulg\u00f3 hoy la Ley N\u00ba 11.202, sancionada el viernes 6 de junio de 2025 por la C\u00e1mara de Diputados, y que crea la Obra Social de Entre R\u00edos (OSER), que suplanta a lo que hasta ahora era el Instituto Obra Social de la Provincia de Entre R\u00edos (Iosper).<\/p>\n\n\n\n<p>La ley establece que la OSER \u201cser\u00e1 administrada por un directorio integrado\u201d por presidente y vicepresidente, \u201cambos designados por el Poder Ejecutivo\u201d; y dos vocales en representaci\u00f3n de los trabajadores, quienes ser\u00e1n designados por el Poder Ejecutivo, uno a propuesta del gremio mayoritario de la mesa paritaria docente (la Asociaci\u00f3n Gremial del Magisterio de Entre R\u00edos, Agmer, NdelR) y el otro a propuesta del gremio mayoritario de la mesa paritaria estatal (la Uni\u00f3n del Personal Civil de la Naci\u00f3n, UPCN).<\/p>\n\n\n\n<p>El abogado Mariano Gallegos, que ocupa el cargo de interventor del exIosper, y el odont\u00f3logo Ricardo Garc\u00eda, que lo acompa\u00f1a como subinterventor, seguir\u00e1n al frente de la nueva OSER, como presidente y vice, respectivamente.<\/p>\n\n\n\n<figure class=\"wp-block-image size-full is-resized\"><a href=\"https:\/\/3260.com.ar\/web\/wp-content\/uploads\/2025\/06\/image-34.png\"><img loading=\"lazy\" decoding=\"async\" width=\"696\" height=\"392\" src=\"https:\/\/3260.com.ar\/web\/wp-content\/uploads\/2025\/06\/image-34.png\" alt=\"\" class=\"wp-image-9470\" style=\"width:563px;height:auto\" srcset=\"https:\/\/3260.com.ar\/web\/wp-content\/uploads\/2025\/06\/image-34.png 696w, https:\/\/3260.com.ar\/web\/wp-content\/uploads\/2025\/06\/image-34-300x169.png 300w\" sizes=\"auto, (max-width: 696px) 100vw, 696px\" \/><\/a><\/figure>\n\n\n\n<p><strong><em>ANTEOJOS y LENTES DE CONTACTO PARA MUY POCOS<\/em><\/strong> <strong><em>AFILIADOS<\/em><\/strong>:<\/p>\n\n\n\n<p>As\u00ed como lo publicamos el pasado 14 de mayo de 2025 -ver nota agegrada al final-, el cuadro de situaci\u00f3n en relaci\u00f3n a la prestaci\u00f3n para dar cobertura a las recetas de ANTEOJOS y LENTES DE CONTACTO, es pr\u00e1cticamente NULA.  En rigor a la verdad, NO SE RECONOCE ninguna prestaci\u00f3n que los indique. La \u00fanica excepci\u00f3n sigue siendo para aquellos afiliados comprendidos en las siguientes caracter\u00edsticas: ser portador de certificado \u00fanico de discapacidad y tener menos de 15 a\u00f1os.  Es decir que el universo de la cobertura es m\u00ednimo.<\/p>\n\n\n\n<p>En otras palabras el Gobernador Frigerio decidi\u00f3 por medio de sus interventores que los afiliados (obligados) a OSER pasen a \u00abver como puedan de un d\u00eda para el otro\u00bb.  Decisi\u00f3n que deseamos se revierta de manera URGENTE.<\/p>\n\n\n\n<p><\/p>\n\n\n\n<figure class=\"wp-block-embed is-type-wp-embed is-provider-3260 wp-block-embed-3260\"><div class=\"wp-block-embed__wrapper\">\n<blockquote class=\"wp-embedded-content\" data-secret=\"KTQexJZpXf\"><a href=\"https:\/\/3260.com.ar\/web\/los-afiliados-de-iosper-no-pueden-ver-bien\/\">LOS AFILIADOS DE IOSPER \u201cNO PUEDEN VER BIEN\u201d<\/a><\/blockquote><iframe loading=\"lazy\" class=\"wp-embedded-content\" sandbox=\"allow-scripts\" security=\"restricted\" style=\"position: absolute; visibility: hidden;\" title=\"\u00abLOS AFILIADOS DE IOSPER \u201cNO PUEDEN VER BIEN\u201d\u00bb \u2014 3260\" src=\"https:\/\/3260.com.ar\/web\/los-afiliados-de-iosper-no-pueden-ver-bien\/embed\/#?secret=fsKvsj4MuK#?secret=KTQexJZpXf\" data-secret=\"KTQexJZpXf\" width=\"600\" height=\"338\" frameborder=\"0\" marginwidth=\"0\" marginheight=\"0\" scrolling=\"no\"><\/iframe>\n<\/div><\/figure>\n","protected":false},"excerpt":{"rendered":"<p>El Poder Ejecutivo promulg\u00f3 hoy la Ley N\u00ba 11.202, sancionada el viernes 6 de junio de 2025 por la C\u00e1mara de Diputados, y que crea la Obra Social de Entre R\u00edos (OSER), que suplanta a lo que hasta ahora era el Instituto Obra Social de la Provincia de Entre R\u00edos (Iosper). La ley establece que [&hellip;]<\/p>\n","protected":false},"author":3,"featured_media":9467,"comment_status":"closed","ping_status":"closed","sticky":false,"template":"","format":"standard","meta":{"_jetpack_memberships_contains_paid_content":false,"footnotes":"","jetpack_publicize_message":"","jetpack_publicize_feature_enabled":true,"jetpack_social_post_already_shared":true,"jetpack_social_options":{"image_generator_settings":{"template":"highway","default_image_id":0,"enabled":false},"version":2}},"categories":[613],"tags":[60,2650,2651,2649],"class_list":["post-9466","post","type-post","status-publish","format-standard","has-post-thumbnail","hentry","category-generales","tag-60","tag-frigerio-no-ve-bien","tag-intervencion-iosper","tag-oser"],"jetpack_publicize_connections":[],"jetpack_featured_media_url":"https:\/\/3260.com.ar\/web\/wp-content\/uploads\/2025\/06\/OSER-interventores.jpg","jetpack_sharing_enabled":true,"_links":{"self":[{"href":"https:\/\/3260.com.ar\/web\/wp-json\/wp\/v2\/posts\/9466","targetHints":{"allow":["GET"]}}],"collection":[{"href":"https:\/\/3260.com.ar\/web\/wp-json\/wp\/v2\/posts"}],"about":[{"href":"https:\/\/3260.com.ar\/web\/wp-json\/wp\/v2\/types\/post"}],"author":[{"embeddable":true,"href":"https:\/\/3260.com.ar\/web\/wp-json\/wp\/v2\/users\/3"}],"replies":[{"embeddable":true,"href":"https:\/\/3260.com.ar\/web\/wp-json\/wp\/v2\/comments?post=9466"}],"version-history":[{"count":4,"href":"https:\/\/3260.com.ar\/web\/wp-json\/wp\/v2\/posts\/9466\/revisions"}],"predecessor-version":[{"id":9472,"href":"https:\/\/3260.com.ar\/web\/wp-json\/wp\/v2\/posts\/9466\/revisions\/9472"}],"wp:featuredmedia":[{"embeddable":true,"href":"https:\/\/3260.com.ar\/web\/wp-json\/wp\/v2\/media\/9467"}],"wp:attachment":[{"href":"https:\/\/3260.com.ar\/web\/wp-json\/wp\/v2\/media?parent=9466"}],"wp:term":[{"taxonomy":"category","embeddable":true,"href":"https:\/\/3260.com.ar\/web\/wp-json\/wp\/v2\/categories?post=9466"},{"taxonomy":"post_tag","embeddable":true,"href":"https:\/\/3260.com.ar\/web\/wp-json\/wp\/v2\/tags?post=9466"}],"curies":[{"name":"wp","href":"https:\/\/api.w.org\/{rel}","templated":true}]}}