{"id":9498,"date":"2025-06-30T10:39:34","date_gmt":"2025-06-30T13:39:34","guid":{"rendered":"https:\/\/3260.com.ar\/web\/?p=9498"},"modified":"2025-06-30T10:53:09","modified_gmt":"2025-06-30T13:53:09","slug":"fin-de-la-sequia-bohemia","status":"publish","type":"post","link":"https:\/\/3260.com.ar\/web\/fin-de-la-sequia-bohemia\/","title":{"rendered":"FIN DE LA SEQU\u00cdA BOHEMIA"},"content":{"rendered":"\n<p>San Marcial es una localidad del Departamento Uruguay (Entre R\u00edos) compuesta por aproximadamente 900 habitantes en el casco urbano duplicando la cantidad con la zona rural que lo circunda.<\/p>\n\n\n\n<p>El pueblo tambi\u00e9n  referido por los lugare\u00f1os como \u00abUrquiza\u00bb en directa relaci\u00f3n con la estaci\u00f3n del ferrocarril ah\u00ed situada nominada como \u00abEstaci\u00f3n Urquiza\u00bb. En este pueblo hay un club siendo sus simpatizantes conocidos con el mote de  \u00abBOHEMIOS\u00bb.<\/p>\n\n\n\n<p>La jornada del domingo 29 de junio de 2025 pasar\u00e1 a la historia como el mayor hito deportivo del Club Social y Deportivo San Marcial en virtud de la consagraci\u00f3n de las dos divisiones mayores con el logro del t\u00edtulo de CAMPE\u00d3N en ambas divisionales, y por esas cosas del destino frente a su cl\u00e1sico rival el club El Porvenir de la localidad vecina Santa Anita.<\/p>\n\n\n\n<p>La cancha del Club San Marcial denominada \u00abOscar Bruja Horn\u00bb desbordada de concurrencia se visti\u00f3 de colorido \u00abBohemio\u00bb con su blanco y negro a bastones verticales, as\u00ed como el sector del visitante present\u00f3 una nutrida asistencia con distinguidos con el tradicional azul y rojo.<\/p>\n\n\n\n<p>La justa deportiva en ambas finales fueron partidos disputados con la decisi\u00f3n de no defraudar a la multitudinaria convocatoria de incondicionales presentes.<\/p>\n\n\n\n<p>El Presidente del Club local, Adriel Devolder se refiri\u00f3 en el momento de los festejos ante la requisitoria period\u00edsitca de Ariel Besel (Radio FM 98.9 CdelU Sports) con algunas frases que describen el sentir \u00abBohemio\u00bb.<\/p>\n\n\n\n<figure class=\"wp-block-image size-large\"><a href=\"https:\/\/3260.com.ar\/web\/wp-content\/uploads\/2025\/06\/image-41.png\"><img loading=\"lazy\" decoding=\"async\" width=\"1024\" height=\"489\" src=\"https:\/\/3260.com.ar\/web\/wp-content\/uploads\/2025\/06\/image-41-1024x489.png\" alt=\"\" class=\"wp-image-9504\" srcset=\"https:\/\/3260.com.ar\/web\/wp-content\/uploads\/2025\/06\/image-41-1024x489.png 1024w, https:\/\/3260.com.ar\/web\/wp-content\/uploads\/2025\/06\/image-41-300x143.png 300w, https:\/\/3260.com.ar\/web\/wp-content\/uploads\/2025\/06\/image-41-768x367.png 768w, https:\/\/3260.com.ar\/web\/wp-content\/uploads\/2025\/06\/image-41.png 1107w\" sizes=\"auto, (max-width: 1024px) 100vw, 1024px\" \/><\/a><\/figure>\n\n\n\n<p><em>\u00bb Es la primera vez en la vida que veo a San Marcial campe\u00f3n en primera divisi\u00f3n, hac\u00eda 49 a\u00f1os que no se lograba el t\u00edtulo.  S\u00ed lo v\u00ed campe\u00f3n en reserva, pero esto es lo m\u00e1ximo<\/em>.\u00bb<\/p>\n\n\n\n<p>\u00ab<em>La mayor\u00eda de los que estamos en la cancha, vivimos esta alegr\u00eda \u00fanica como algo hermoso que se lo hab\u00edamos escuchado a nuestros padres y abuelos que nos contaban que en 1976 nuestro club hab\u00eda sido campe\u00f3n.<\/em>\u00ab<\/p>\n\n\n\n<p><em>\u00abEn la dirigencia hay mucha gente que empuja a diario para que el club, en la medida de las posibilidades, crezca de manera constante.<\/em>\u00ab<\/p>\n\n\n\n<p>\u00ab<em>En 2023 estuvimos en una situaci\u00f3n parecida, no pudo ser. Aquella vez quedamos a un punto en ambas categor\u00edas. Gracias a Dios, a todos los jugadores, cuerpo t\u00e9cnico y a todos aquellos que ponen el hombro hoy salimos campeones.<\/em>\u00ab<\/p>\n\n\n\n<p><em>\u00abDejame que exprese que tengo sentimientos encontrados por la p\u00e9rdida reciente de mi padre y por otro lado el logro de hoy.  Dios te quita por un lado y te da por otro.<\/em>\u00ab<\/p>\n\n\n\n<p>\u00ab<em>En tres a\u00f1os y medio de gesti\u00f3n tener este logro es inexplicable, felicidad plena, ya logramos siete copas. Se va despertando el gigante.\u00bb<\/em><\/p>\n\n\n\n<figure class=\"wp-block-image size-full is-resized\"><a href=\"https:\/\/3260.com.ar\/web\/wp-content\/uploads\/2025\/06\/image-39.png\"><img loading=\"lazy\" decoding=\"async\" width=\"533\" height=\"537\" src=\"https:\/\/3260.com.ar\/web\/wp-content\/uploads\/2025\/06\/image-39.png\" alt=\"\" class=\"wp-image-9499\" style=\"width:597px;height:auto\" srcset=\"https:\/\/3260.com.ar\/web\/wp-content\/uploads\/2025\/06\/image-39.png 533w, https:\/\/3260.com.ar\/web\/wp-content\/uploads\/2025\/06\/image-39-298x300.png 298w, https:\/\/3260.com.ar\/web\/wp-content\/uploads\/2025\/06\/image-39-150x150.png 150w, https:\/\/3260.com.ar\/web\/wp-content\/uploads\/2025\/06\/image-39-80x80.png 80w\" sizes=\"auto, (max-width: 533px) 100vw, 533px\" \/><\/a><\/figure>\n\n\n\n<ul class=\"wp-block-list\">\n<li><\/li>\n<\/ul>\n\n\n\n<figure class=\"wp-block-image size-full\"><a href=\"https:\/\/3260.com.ar\/web\/wp-content\/uploads\/2025\/06\/image-40.png\"><img loading=\"lazy\" decoding=\"async\" width=\"599\" height=\"534\" src=\"https:\/\/3260.com.ar\/web\/wp-content\/uploads\/2025\/06\/image-40.png\" alt=\"\" class=\"wp-image-9500\" srcset=\"https:\/\/3260.com.ar\/web\/wp-content\/uploads\/2025\/06\/image-40.png 599w, https:\/\/3260.com.ar\/web\/wp-content\/uploads\/2025\/06\/image-40-300x267.png 300w\" sizes=\"auto, (max-width: 599px) 100vw, 599px\" \/><\/a><\/figure>\n\n\n\n<p>Los videos de los partidos los dejamos a continuaci\u00f3n:<\/p>\n\n\n\n<p>Apertura de transmisi\u00f3n y  primera parte partido de RESERVA<\/p>\n\n\n\n<figure class=\"wp-block-embed is-type-video is-provider-youtube wp-block-embed-youtube wp-embed-aspect-16-9 wp-has-aspect-ratio\"><div class=\"wp-block-embed__wrapper\">\n<iframe loading=\"lazy\" title=\"LIGA REGIONAL APERTURA \/\/ SAN MARCIAL VS EL PORVENIR 29-06-25\" width=\"740\" height=\"416\" src=\"https:\/\/www.youtube.com\/embed\/YfH0F3tjh-M?feature=oembed\" frameborder=\"0\" allow=\"accelerometer; autoplay; clipboard-write; encrypted-media; gyroscope; picture-in-picture; web-share\" referrerpolicy=\"strict-origin-when-cross-origin\" allowfullscreen><\/iframe>\n<\/div><\/figure>\n\n\n\n<p>Segunda parte partido RESERVA.<\/p>\n\n\n\n<figure class=\"wp-block-embed is-type-video is-provider-youtube wp-block-embed-youtube wp-embed-aspect-16-9 wp-has-aspect-ratio\"><div class=\"wp-block-embed__wrapper\">\n<iframe loading=\"lazy\" title=\"LIGA REGIONAL APERTURA \/\/ SAN MARCIAL VS EL PORVENIR 29-06-25\" width=\"740\" height=\"416\" src=\"https:\/\/www.youtube.com\/embed\/v98QRb26Pm0?feature=oembed\" frameborder=\"0\" allow=\"accelerometer; autoplay; clipboard-write; encrypted-media; gyroscope; picture-in-picture; web-share\" referrerpolicy=\"strict-origin-when-cross-origin\" allowfullscreen><\/iframe>\n<\/div><\/figure>\n\n\n\n<p>FINAL PRIMERA DIVISI\u00d3N.<\/p>\n\n\n\n<figure class=\"wp-block-embed is-type-video is-provider-youtube wp-block-embed-youtube wp-embed-aspect-4-3 wp-has-aspect-ratio\"><div class=\"wp-block-embed__wrapper\">\n<iframe loading=\"lazy\" title=\"LIGA REGIONAL APERTURA \/\/ SAN MARCIAL VS EL PORVENIR  PRIMERA 29-06-25\" width=\"740\" height=\"555\" src=\"https:\/\/www.youtube.com\/embed\/J7-M9CTSyVs?feature=oembed\" frameborder=\"0\" allow=\"accelerometer; autoplay; clipboard-write; encrypted-media; gyroscope; picture-in-picture; web-share\" referrerpolicy=\"strict-origin-when-cross-origin\" allowfullscreen><\/iframe>\n<\/div><\/figure>\n\n\n\n<p><\/p>\n\n\n\n<p><\/p>\n","protected":false},"excerpt":{"rendered":"<p>San Marcial es una localidad del Departamento Uruguay (Entre R\u00edos) compuesta por aproximadamente 900 habitantes en el casco urbano duplicando la cantidad con la zona rural que lo circunda. El pueblo tambi\u00e9n referido por los lugare\u00f1os como \u00abUrquiza\u00bb en directa relaci\u00f3n con la estaci\u00f3n del ferrocarril ah\u00ed situada nominada como \u00abEstaci\u00f3n Urquiza\u00bb. En este pueblo [&hellip;]<\/p>\n","protected":false},"author":3,"featured_media":9502,"comment_status":"closed","ping_status":"closed","sticky":false,"template":"","format":"standard","meta":{"_jetpack_memberships_contains_paid_content":false,"footnotes":"","jetpack_publicize_message":"","jetpack_publicize_feature_enabled":true,"jetpack_social_post_already_shared":true,"jetpack_social_options":{"image_generator_settings":{"template":"highway","default_image_id":0,"enabled":false},"version":2}},"categories":[173],"tags":[60,2662,2659,2660,2661],"class_list":["post-9498","post","type-post","status-publish","format-standard","has-post-thumbnail","hentry","category-deportes","tag-60","tag-adriel-devolder","tag-club-social-y-deportivo-san-marcial","tag-los-bohemios","tag-urquiza-campeon-2025"],"jetpack_publicize_connections":[],"jetpack_featured_media_url":"https:\/\/3260.com.ar\/web\/wp-content\/uploads\/2025\/06\/San-Marcial-Campeon25.jpg","jetpack_sharing_enabled":true,"_links":{"self":[{"href":"https:\/\/3260.com.ar\/web\/wp-json\/wp\/v2\/posts\/9498","targetHints":{"allow":["GET"]}}],"collection":[{"href":"https:\/\/3260.com.ar\/web\/wp-json\/wp\/v2\/posts"}],"about":[{"href":"https:\/\/3260.com.ar\/web\/wp-json\/wp\/v2\/types\/post"}],"author":[{"embeddable":true,"href":"https:\/\/3260.com.ar\/web\/wp-json\/wp\/v2\/users\/3"}],"replies":[{"embeddable":true,"href":"https:\/\/3260.com.ar\/web\/wp-json\/wp\/v2\/comments?post=9498"}],"version-history":[{"count":2,"href":"https:\/\/3260.com.ar\/web\/wp-json\/wp\/v2\/posts\/9498\/revisions"}],"predecessor-version":[{"id":9505,"href":"https:\/\/3260.com.ar\/web\/wp-json\/wp\/v2\/posts\/9498\/revisions\/9505"}],"wp:featuredmedia":[{"embeddable":true,"href":"https:\/\/3260.com.ar\/web\/wp-json\/wp\/v2\/media\/9502"}],"wp:attachment":[{"href":"https:\/\/3260.com.ar\/web\/wp-json\/wp\/v2\/media?parent=9498"}],"wp:term":[{"taxonomy":"category","embeddable":true,"href":"https:\/\/3260.com.ar\/web\/wp-json\/wp\/v2\/categories?post=9498"},{"taxonomy":"post_tag","embeddable":true,"href":"https:\/\/3260.com.ar\/web\/wp-json\/wp\/v2\/tags?post=9498"}],"curies":[{"name":"wp","href":"https:\/\/api.w.org\/{rel}","templated":true}]}}