{"id":9516,"date":"2025-07-03T00:05:00","date_gmt":"2025-07-03T03:05:00","guid":{"rendered":"https:\/\/3260.com.ar\/web\/?p=9516"},"modified":"2025-07-01T13:15:36","modified_gmt":"2025-07-01T16:15:36","slug":"vacaciones-de-invierno-2025","status":"publish","type":"post","link":"https:\/\/3260.com.ar\/web\/vacaciones-de-invierno-2025\/","title":{"rendered":"VACACIONES DE INVIERNO 2025"},"content":{"rendered":"\n<p>En la previa a las vacaciones por el receso escolar de invierno 2025, que en&nbsp;nuestro pa\u00eds cae entre el 7 de julio y el 1 de agosto dependiendo de la provincia, realizamos el siguiente informe desde&nbsp;<strong>Focus Market para el Blog de Educaci\u00f3n Financiera de Naranja X\u201dHablemos de plata\u201d.<\/strong>&nbsp;<\/p>\n\n\n\n<p>Relevamos los lugares favoritos que eligen los argentinos para viajar tanto nacional como internacionalmente. Los precios de viajar en Micro o Avi\u00f3n, y las escapadas para pasar un fin de semana cerca de CABA.<\/p>\n\n\n\n<p><em><strong>\u201cCon la llegada del receso invernal, las familias de clase media argentina comienzan a definir su hoja de ruta para tomarse unos d\u00edas de descanso. Este a\u00f1o, la decisi\u00f3n est\u00e1 m\u00e1s que nunca atravesada por el bolsillo y el excedente disponible para el gasto en vacaciones de invierno\u201d<\/strong><\/em>, se\u00f1al\u00f3 Dami\u00e1n Di Pace Director de la Consultora Focus Market.<\/p>\n\n\n\n<p>Seg\u00fan las principales agencias de Turismo los destino m\u00e1s elegidos por los argentinos a nivel nacional son:\u00a0<strong>San Carlos de Bariloche,\u00a0 Ushuaia, San Mart\u00edn de los Andes\/Villa La Angostura, Mendoza, El Calafate\/El Chalten, Salta\/Jujuy, C\u00f3rdoba, Taf\u00ed del Valle, Esteros del Iber\u00e1, y Buenos Aires, entre otros .\u00a0<\/strong>\u00a0<\/p>\n\n\n\n<figure class=\"wp-block-image size-full is-resized\"><a href=\"https:\/\/3260.com.ar\/web\/wp-content\/uploads\/2025\/07\/image-1.png\"><img loading=\"lazy\" decoding=\"async\" width=\"721\" height=\"413\" src=\"https:\/\/3260.com.ar\/web\/wp-content\/uploads\/2025\/07\/image-1.png\" alt=\"\" class=\"wp-image-9517\" style=\"width:714px;height:auto\" srcset=\"https:\/\/3260.com.ar\/web\/wp-content\/uploads\/2025\/07\/image-1.png 721w, https:\/\/3260.com.ar\/web\/wp-content\/uploads\/2025\/07\/image-1-300x172.png 300w\" sizes=\"auto, (max-width: 721px) 100vw, 721px\" \/><\/a><\/figure>\n\n\n\n<p>A continuaci\u00f3n relevamos con cuanto deber\u00eda contar una familia tipo compuesta por 2 adultos y 2 menores (de 10 y 12 a\u00f1os), si decide viajar a\u00a0<strong>Bariloche\u00a0<\/strong>por 1 semana.\u00a0Si viaja en micro deber\u00e1 contar para cubrir los gastos de\u00a0<strong>Micro m\u00e1s estad\u00eda (7 noches en Hotel 3* con desayuno)<\/strong>\u00a0con\u00a0<strong>$2.541.052 (un 13% m\u00e1s que en 2024).<\/strong><\/p>\n\n\n\n<p><em><strong>\u201cLas b\u00fasquedas en agencias, metabuscadores y redes sociales revelan una tendencia clara: la mayor\u00eda de las familias de clase media se orienta hacia destinos nacionales tradicionales, con accesibilidad econ\u00f3mica, opciones de financiaci\u00f3n y actividades para chicos. Bariloche sigue liderando por su propuesta de nieve, gastronom\u00eda y promociones para grupos familiares\u201d<\/strong><\/em>, indic\u00f3 Dami\u00e1n Di Pace Director de la Consultora Focus Market.<\/p>\n\n\n\n<p>Una vez que arribaron a Bariloche si la familia quiere&nbsp;disfrutar de la nieve en el Cerro Catedral, a continuaci\u00f3n damos a conocer&nbsp;los precios en 2025.<\/p>\n\n\n\n<p>El ingreso al Cerro Catedral puede realizarse de lunes a s\u00e1bados de 9 a 16hs. Si solo quieren ingresar, el valor diario es de $36.000 cada uno, donde los ni\u00f1os de entre 0 y 5 a\u00f1os inclusive tienen un Tour Catedral (ascenso peat\u00f3n) sin cargo.<\/p>\n\n\n\n<p>En el caso de que quieran esquiar el acceso tiene un valor diario de $115.000 cada uno (mismo valor que en 2024). Por ello tambi\u00e9n relevamos precio de alquiler de equipo de nieve, donde los valores dependen del tipo de equipo, y de los d\u00edas que se alquilen, pero parte de $56.000 a $78.000 por d\u00eda.\u00a0Las clases este a\u00f1o presentan un aumento interanual promedio del 25%, y parten de $200.000 por una clase de 2hs.<\/p>\n\n\n\n<figure class=\"wp-block-image size-full\"><a href=\"https:\/\/3260.com.ar\/web\/wp-content\/uploads\/2025\/07\/image-2.png\"><img loading=\"lazy\" decoding=\"async\" width=\"740\" height=\"415\" src=\"https:\/\/3260.com.ar\/web\/wp-content\/uploads\/2025\/07\/image-2.png\" alt=\"\" class=\"wp-image-9518\" srcset=\"https:\/\/3260.com.ar\/web\/wp-content\/uploads\/2025\/07\/image-2.png 740w, https:\/\/3260.com.ar\/web\/wp-content\/uploads\/2025\/07\/image-2-300x168.png 300w\" sizes=\"auto, (max-width: 740px) 100vw, 740px\" \/><\/a><\/figure>\n\n\n\n<p class=\"has-text-align-right has-small-font-size\">Fuente: <a href=\"https:\/\/focusmarket.com.ar\/\">https:\/\/focusmarket.com.ar\/<\/a>    Damian Di Pace<\/p>\n\n\n\n<p><\/p>\n","protected":false},"excerpt":{"rendered":"<p>En la previa a las vacaciones por el receso escolar de invierno 2025, que en&nbsp;nuestro pa\u00eds cae entre el 7 de julio y el 1 de agosto dependiendo de la provincia, realizamos el siguiente informe desde&nbsp;Focus Market para el Blog de Educaci\u00f3n Financiera de Naranja X\u201dHablemos de plata\u201d.&nbsp; Relevamos los lugares favoritos que eligen los [&hellip;]<\/p>\n","protected":false},"author":3,"featured_media":9519,"comment_status":"closed","ping_status":"closed","sticky":false,"template":"","format":"standard","meta":{"_jetpack_memberships_contains_paid_content":false,"footnotes":"","jetpack_publicize_message":"","jetpack_publicize_feature_enabled":true,"jetpack_social_post_already_shared":true,"jetpack_social_options":{"image_generator_settings":{"template":"highway","default_image_id":0,"enabled":false},"version":2}},"categories":[175],"tags":[60,2666,2667],"class_list":["post-9516","post","type-post","status-publish","format-standard","has-post-thumbnail","hentry","category-turismo","tag-60","tag-turismo-invierno-2025","tag-vacaciones-invierno-2025"],"jetpack_publicize_connections":[],"jetpack_featured_media_url":"https:\/\/3260.com.ar\/web\/wp-content\/uploads\/2025\/07\/INVIERNO-en-bariloche.jpeg","jetpack_sharing_enabled":true,"_links":{"self":[{"href":"https:\/\/3260.com.ar\/web\/wp-json\/wp\/v2\/posts\/9516","targetHints":{"allow":["GET"]}}],"collection":[{"href":"https:\/\/3260.com.ar\/web\/wp-json\/wp\/v2\/posts"}],"about":[{"href":"https:\/\/3260.com.ar\/web\/wp-json\/wp\/v2\/types\/post"}],"author":[{"embeddable":true,"href":"https:\/\/3260.com.ar\/web\/wp-json\/wp\/v2\/users\/3"}],"replies":[{"embeddable":true,"href":"https:\/\/3260.com.ar\/web\/wp-json\/wp\/v2\/comments?post=9516"}],"version-history":[{"count":1,"href":"https:\/\/3260.com.ar\/web\/wp-json\/wp\/v2\/posts\/9516\/revisions"}],"predecessor-version":[{"id":9520,"href":"https:\/\/3260.com.ar\/web\/wp-json\/wp\/v2\/posts\/9516\/revisions\/9520"}],"wp:featuredmedia":[{"embeddable":true,"href":"https:\/\/3260.com.ar\/web\/wp-json\/wp\/v2\/media\/9519"}],"wp:attachment":[{"href":"https:\/\/3260.com.ar\/web\/wp-json\/wp\/v2\/media?parent=9516"}],"wp:term":[{"taxonomy":"category","embeddable":true,"href":"https:\/\/3260.com.ar\/web\/wp-json\/wp\/v2\/categories?post=9516"},{"taxonomy":"post_tag","embeddable":true,"href":"https:\/\/3260.com.ar\/web\/wp-json\/wp\/v2\/tags?post=9516"}],"curies":[{"name":"wp","href":"https:\/\/api.w.org\/{rel}","templated":true}]}}