{"id":9532,"date":"2025-07-05T00:01:00","date_gmt":"2025-07-05T03:01:00","guid":{"rendered":"https:\/\/3260.com.ar\/web\/?p=9532"},"modified":"2025-07-03T13:21:08","modified_gmt":"2025-07-03T16:21:08","slug":"vaciones-de-invierno-en-concepcion-del-uruguay","status":"publish","type":"post","link":"https:\/\/3260.com.ar\/web\/vaciones-de-invierno-en-concepcion-del-uruguay\/","title":{"rendered":"VACIONES DE INVIERNO EN CONCEPCI\u00d3N DEL URUGUAY"},"content":{"rendered":"\n<p>Algunas provincias comienzan con el per\u00edodo de receso escolar de invierno a partir del lunes 7 de julio de 2025. El resto lo har\u00e1 una semana m\u00e1s tarde.<\/p>\n\n\n\n<p>La ciudad de Concepci\u00f3n del Uruguay difunde una grilla de actividades para ofrecer en este per\u00edodo tan particular.<\/p>\n\n\n\n<p>La informaci\u00f3n se puede hallar en la p\u00e1gina oficial de la Direcci\u00f3n de Turismo   <a href=\"https:\/\/www.facebook.com\/concepcion.entrerios.3\">https:\/\/www.facebook.com\/concepcion.entrerios.3<\/a><\/p>\n\n\n\n<figure class=\"wp-block-image size-full\"><a href=\"https:\/\/3260.com.ar\/web\/wp-content\/uploads\/2025\/07\/image-3.png\"><img loading=\"lazy\" decoding=\"async\" width=\"683\" height=\"790\" src=\"https:\/\/3260.com.ar\/web\/wp-content\/uploads\/2025\/07\/image-3.png\" alt=\"\" class=\"wp-image-9533\" srcset=\"https:\/\/3260.com.ar\/web\/wp-content\/uploads\/2025\/07\/image-3.png 683w, https:\/\/3260.com.ar\/web\/wp-content\/uploads\/2025\/07\/image-3-259x300.png 259w\" sizes=\"auto, (max-width: 683px) 100vw, 683px\" \/><\/a><\/figure>\n\n\n\n<figure class=\"wp-block-image size-full\"><a href=\"https:\/\/3260.com.ar\/web\/wp-content\/uploads\/2025\/07\/image-4.png\"><img loading=\"lazy\" decoding=\"async\" width=\"682\" height=\"801\" src=\"https:\/\/3260.com.ar\/web\/wp-content\/uploads\/2025\/07\/image-4.png\" alt=\"\" class=\"wp-image-9534\" srcset=\"https:\/\/3260.com.ar\/web\/wp-content\/uploads\/2025\/07\/image-4.png 682w, https:\/\/3260.com.ar\/web\/wp-content\/uploads\/2025\/07\/image-4-255x300.png 255w\" sizes=\"auto, (max-width: 682px) 100vw, 682px\" \/><\/a><\/figure>\n\n\n\n<figure class=\"wp-block-image size-full\"><a href=\"https:\/\/3260.com.ar\/web\/wp-content\/uploads\/2025\/07\/image-5.png\"><img loading=\"lazy\" decoding=\"async\" width=\"684\" height=\"791\" src=\"https:\/\/3260.com.ar\/web\/wp-content\/uploads\/2025\/07\/image-5.png\" alt=\"\" class=\"wp-image-9535\" srcset=\"https:\/\/3260.com.ar\/web\/wp-content\/uploads\/2025\/07\/image-5.png 684w, https:\/\/3260.com.ar\/web\/wp-content\/uploads\/2025\/07\/image-5-259x300.png 259w\" sizes=\"auto, (max-width: 684px) 100vw, 684px\" \/><\/a><\/figure>\n","protected":false},"excerpt":{"rendered":"<p>Algunas provincias comienzan con el per\u00edodo de receso escolar de invierno a partir del lunes 7 de julio de 2025. El resto lo har\u00e1 una semana m\u00e1s tarde. La ciudad de Concepci\u00f3n del Uruguay difunde una grilla de actividades para ofrecer en este per\u00edodo tan particular. La informaci\u00f3n se puede hallar en la p\u00e1gina oficial [&hellip;]<\/p>\n","protected":false},"author":3,"featured_media":9536,"comment_status":"closed","ping_status":"closed","sticky":false,"template":"","format":"standard","meta":{"_jetpack_memberships_contains_paid_content":false,"footnotes":"","jetpack_publicize_message":"","jetpack_publicize_feature_enabled":true,"jetpack_social_post_already_shared":true,"jetpack_social_options":{"image_generator_settings":{"template":"highway","default_image_id":0,"enabled":false},"version":2}},"categories":[175],"tags":[60,2672,2673],"class_list":["post-9532","post","type-post","status-publish","format-standard","has-post-thumbnail","hentry","category-turismo","tag-60","tag-vacaciones-de-invierno-2025","tag-vacaciones-invernales-en-concepcion-del-uruguay"],"jetpack_publicize_connections":[],"jetpack_featured_media_url":"https:\/\/3260.com.ar\/web\/wp-content\/uploads\/2025\/07\/Vacaciones-Invierno25.jpg","jetpack_sharing_enabled":true,"_links":{"self":[{"href":"https:\/\/3260.com.ar\/web\/wp-json\/wp\/v2\/posts\/9532","targetHints":{"allow":["GET"]}}],"collection":[{"href":"https:\/\/3260.com.ar\/web\/wp-json\/wp\/v2\/posts"}],"about":[{"href":"https:\/\/3260.com.ar\/web\/wp-json\/wp\/v2\/types\/post"}],"author":[{"embeddable":true,"href":"https:\/\/3260.com.ar\/web\/wp-json\/wp\/v2\/users\/3"}],"replies":[{"embeddable":true,"href":"https:\/\/3260.com.ar\/web\/wp-json\/wp\/v2\/comments?post=9532"}],"version-history":[{"count":1,"href":"https:\/\/3260.com.ar\/web\/wp-json\/wp\/v2\/posts\/9532\/revisions"}],"predecessor-version":[{"id":9537,"href":"https:\/\/3260.com.ar\/web\/wp-json\/wp\/v2\/posts\/9532\/revisions\/9537"}],"wp:featuredmedia":[{"embeddable":true,"href":"https:\/\/3260.com.ar\/web\/wp-json\/wp\/v2\/media\/9536"}],"wp:attachment":[{"href":"https:\/\/3260.com.ar\/web\/wp-json\/wp\/v2\/media?parent=9532"}],"wp:term":[{"taxonomy":"category","embeddable":true,"href":"https:\/\/3260.com.ar\/web\/wp-json\/wp\/v2\/categories?post=9532"},{"taxonomy":"post_tag","embeddable":true,"href":"https:\/\/3260.com.ar\/web\/wp-json\/wp\/v2\/tags?post=9532"}],"curies":[{"name":"wp","href":"https:\/\/api.w.org\/{rel}","templated":true}]}}