{"id":9551,"date":"2025-07-07T14:14:30","date_gmt":"2025-07-07T17:14:30","guid":{"rendered":"https:\/\/3260.com.ar\/web\/?p=9551"},"modified":"2025-07-07T14:14:32","modified_gmt":"2025-07-07T17:14:32","slug":"museo-andres-garcia","status":"publish","type":"post","link":"https:\/\/3260.com.ar\/web\/museo-andres-garcia\/","title":{"rendered":"MUSEO ANDRES GARC\u00cdA."},"content":{"rendered":"\n<p>El Museo \u201cAndr\u00e9s Garc\u00eda\u201d es fruto del legado de Don Andr\u00e9s Garc\u00eda, un apasionado coleccionista que, a lo largo de su vida, reuni\u00f3 un valioso acervo vinculado a la historia regional. En 1982, sus descendientes donaron parte de ese patrimonio a la Municipalidad, lo que permiti\u00f3 en 1983 la creaci\u00f3n del museo, que desde entonces funcion\u00f3 en diferentes sedes, siendo la \u00faltima la \u201cCasa de Urquiza\u201d, hoy correo argentino.<\/p>\n\n\n\n<p>Tras la puesta en valor y el acondicionamiento de un edificio municipal propio, el Museo reabre sus puertas con una propuesta completamente renovada, fruto de un proceso de reorganizaci\u00f3n museogr\u00e1fica en el que trabaj\u00f3 de manera articulada el personal de los tres museos municipales. Este esfuerzo conjunto permiti\u00f3 desarrollar una propuesta accesible, actualizada y de alta calidad, pensada para fortalecer el v\u00ednculo entre el patrimonio y la comunidad.<\/p>\n\n\n\n<p>La nueva museograf\u00eda se estructura en tres ejes tem\u00e1ticos:<\/p>\n\n\n\n<p>\u00b7&nbsp;&nbsp;&nbsp;&nbsp;&nbsp;&nbsp;&nbsp;&nbsp;&nbsp;Sala arqueol\u00f3gica que destaca las huellas prehisp\u00e1nicas de la regi\u00f3n.&nbsp;<\/p>\n\n\n\n<p>\u00b7&nbsp;&nbsp;&nbsp;&nbsp;&nbsp;&nbsp;&nbsp;&nbsp;&nbsp;Sala de vida criolla, con la tradicional pulper\u00eda reconstruida y objetos vinculados a la cultura rural.&nbsp;<\/p>\n\n\n\n<p>\u00b7&nbsp;&nbsp;&nbsp;&nbsp;&nbsp;&nbsp;&nbsp;&nbsp;&nbsp;Sala de vida ciudadana, que retrata la sociedad entrerriana del siglo XIX y principios del XX.<\/p>\n\n\n\n<p>Acompa\u00f1ando esta renovaci\u00f3n, el museo presenta adem\u00e1s una nueva identidad visual que sintetiza los elementos clave de su patrimonio en una imagen moderna, clara y representativa.<\/p>\n\n\n\n<p>Con su reapertura, el Museo Andr\u00e9s Garc\u00eda se integra al nuevo polo museol\u00f3gico de la ciudad, junto al Museo de la Ciudad y el Museo Casa de Delio Panizza, reafirmando el compromiso de la gesti\u00f3n municipal con el fortalecimiento del patrimonio cultural. A partir del 11 de julio, el museo podr\u00e1 visitarse todos los d\u00edas, de lunes a domingo, en los horarios de 9 a 12 y de 16 a 19 horas.<\/p>\n\n\n\n<figure class=\"wp-block-image size-full\"><a href=\"https:\/\/3260.com.ar\/web\/wp-content\/uploads\/2025\/07\/image-11.png\"><img loading=\"lazy\" decoding=\"async\" width=\"250\" height=\"200\" src=\"https:\/\/3260.com.ar\/web\/wp-content\/uploads\/2025\/07\/image-11.png\" alt=\"\" class=\"wp-image-9554\"\/><\/a><\/figure>\n","protected":false},"excerpt":{"rendered":"<p>El Museo \u201cAndr\u00e9s Garc\u00eda\u201d es fruto del legado de Don Andr\u00e9s Garc\u00eda, un apasionado coleccionista que, a lo largo de su vida, reuni\u00f3 un valioso acervo vinculado a la historia regional. En 1982, sus descendientes donaron parte de ese patrimonio a la Municipalidad, lo que permiti\u00f3 en 1983 la creaci\u00f3n del museo, que desde entonces [&hellip;]<\/p>\n","protected":false},"author":3,"featured_media":9552,"comment_status":"closed","ping_status":"closed","sticky":false,"template":"","format":"standard","meta":{"_jetpack_memberships_contains_paid_content":false,"footnotes":"","jetpack_publicize_message":"","jetpack_publicize_feature_enabled":true,"jetpack_social_post_already_shared":true,"jetpack_social_options":{"image_generator_settings":{"template":"highway","default_image_id":0,"enabled":false},"version":2}},"categories":[174],"tags":[60,2674,2675],"class_list":["post-9551","post","type-post","status-publish","format-standard","has-post-thumbnail","hentry","category-cultura","tag-60","tag-museo-andres-garcia","tag-museos-de-concepcion-del-uruguay"],"jetpack_publicize_connections":[],"jetpack_featured_media_url":"https:\/\/3260.com.ar\/web\/wp-content\/uploads\/2025\/07\/Museo-Andres-Garcia-reapertura-scaled.jpg","jetpack_sharing_enabled":true,"_links":{"self":[{"href":"https:\/\/3260.com.ar\/web\/wp-json\/wp\/v2\/posts\/9551","targetHints":{"allow":["GET"]}}],"collection":[{"href":"https:\/\/3260.com.ar\/web\/wp-json\/wp\/v2\/posts"}],"about":[{"href":"https:\/\/3260.com.ar\/web\/wp-json\/wp\/v2\/types\/post"}],"author":[{"embeddable":true,"href":"https:\/\/3260.com.ar\/web\/wp-json\/wp\/v2\/users\/3"}],"replies":[{"embeddable":true,"href":"https:\/\/3260.com.ar\/web\/wp-json\/wp\/v2\/comments?post=9551"}],"version-history":[{"count":2,"href":"https:\/\/3260.com.ar\/web\/wp-json\/wp\/v2\/posts\/9551\/revisions"}],"predecessor-version":[{"id":9555,"href":"https:\/\/3260.com.ar\/web\/wp-json\/wp\/v2\/posts\/9551\/revisions\/9555"}],"wp:featuredmedia":[{"embeddable":true,"href":"https:\/\/3260.com.ar\/web\/wp-json\/wp\/v2\/media\/9552"}],"wp:attachment":[{"href":"https:\/\/3260.com.ar\/web\/wp-json\/wp\/v2\/media?parent=9551"}],"wp:term":[{"taxonomy":"category","embeddable":true,"href":"https:\/\/3260.com.ar\/web\/wp-json\/wp\/v2\/categories?post=9551"},{"taxonomy":"post_tag","embeddable":true,"href":"https:\/\/3260.com.ar\/web\/wp-json\/wp\/v2\/tags?post=9551"}],"curies":[{"name":"wp","href":"https:\/\/api.w.org\/{rel}","templated":true}]}}