{"id":9678,"date":"2025-07-28T00:01:00","date_gmt":"2025-07-28T03:01:00","guid":{"rendered":"https:\/\/3260.com.ar\/web\/?p=9678"},"modified":"2025-07-26T20:25:37","modified_gmt":"2025-07-26T23:25:37","slug":"acompanamiento-terapeutico-en-el-deporte","status":"publish","type":"post","link":"https:\/\/3260.com.ar\/web\/acompanamiento-terapeutico-en-el-deporte\/","title":{"rendered":"ACOMPA\u00d1AMIENTO TERAP\u00c9UTICO EN EL DEPORTE"},"content":{"rendered":"\n<p>La Direcci\u00f3n de Deportes de la Municipalidad de Basavilbaso lanz\u00f3 una nueva propuesta orientada al desarrollo integral de ni\u00f1os, ni\u00f1as y adolescentes de la ciudad: el <a><\/a>programa Acompa\u00f1amiento terap\u00e9utico en el deporte.<\/p>\n\n\n\n<p>Esta iniciativa contar\u00e1 con un equipo interdisciplinario que actuar\u00e1 como red de contenci\u00f3n emocional, psicol\u00f3gica y conductual durante la pr\u00e1ctica de actividades f\u00edsicas. El objetivo es brindar un espacio seguro, inclusivo y saludable, donde el deporte no solo sea una actividad f\u00edsica, sino tambi\u00e9n una herramienta de crecimiento personal y social.<\/p>\n\n\n\n<p>La preinscripci\u00f3n se realiza de manera presencial en el Polideportivo General San Mart\u00edn, los d\u00edas martes, jueves y viernes, en el horario de 18 a 20. Est\u00e1 destinada a ni\u00f1os y ni\u00f1as de entre 5 y 15 a\u00f1os.<\/p>\n\n\n\n<p>Desde el \u00e1rea de Deportes destacaron que este programa busca \u00abacompa\u00f1ar a los chicos desde una mirada integral, donde cuerpo, mente y emociones est\u00e9n en sinton\u00eda con el juego, la disciplina y la salud\u00bb.<\/p>\n\n\n\n<p class=\"has-text-align-right has-small-font-size\">Fuente: Periodismo Basavilbaso<\/p>\n\n\n\n<p><\/p>\n","protected":false},"excerpt":{"rendered":"<p>La Direcci\u00f3n de Deportes de la Municipalidad de Basavilbaso lanz\u00f3 una nueva propuesta orientada al desarrollo integral de ni\u00f1os, ni\u00f1as y adolescentes de la ciudad: el programa Acompa\u00f1amiento terap\u00e9utico en el deporte. Esta iniciativa contar\u00e1 con un equipo interdisciplinario que actuar\u00e1 como red de contenci\u00f3n emocional, psicol\u00f3gica y conductual durante la pr\u00e1ctica de actividades f\u00edsicas. [&hellip;]<\/p>\n","protected":false},"author":3,"featured_media":9679,"comment_status":"closed","ping_status":"closed","sticky":false,"template":"","format":"standard","meta":{"_jetpack_memberships_contains_paid_content":false,"footnotes":"","jetpack_publicize_message":"","jetpack_publicize_feature_enabled":true,"jetpack_social_post_already_shared":true,"jetpack_social_options":{"image_generator_settings":{"template":"highway","default_image_id":0,"enabled":false},"version":2}},"categories":[173],"tags":[60,2713],"class_list":["post-9678","post","type-post","status-publish","format-standard","has-post-thumbnail","hentry","category-deportes","tag-60","tag-acompanamiento-terapeutico-en-deporte"],"jetpack_publicize_connections":[],"jetpack_featured_media_url":"https:\/\/3260.com.ar\/web\/wp-content\/uploads\/2025\/07\/Acompanamiento-Deporte-Baso.jpg","jetpack_sharing_enabled":true,"_links":{"self":[{"href":"https:\/\/3260.com.ar\/web\/wp-json\/wp\/v2\/posts\/9678","targetHints":{"allow":["GET"]}}],"collection":[{"href":"https:\/\/3260.com.ar\/web\/wp-json\/wp\/v2\/posts"}],"about":[{"href":"https:\/\/3260.com.ar\/web\/wp-json\/wp\/v2\/types\/post"}],"author":[{"embeddable":true,"href":"https:\/\/3260.com.ar\/web\/wp-json\/wp\/v2\/users\/3"}],"replies":[{"embeddable":true,"href":"https:\/\/3260.com.ar\/web\/wp-json\/wp\/v2\/comments?post=9678"}],"version-history":[{"count":1,"href":"https:\/\/3260.com.ar\/web\/wp-json\/wp\/v2\/posts\/9678\/revisions"}],"predecessor-version":[{"id":9680,"href":"https:\/\/3260.com.ar\/web\/wp-json\/wp\/v2\/posts\/9678\/revisions\/9680"}],"wp:featuredmedia":[{"embeddable":true,"href":"https:\/\/3260.com.ar\/web\/wp-json\/wp\/v2\/media\/9679"}],"wp:attachment":[{"href":"https:\/\/3260.com.ar\/web\/wp-json\/wp\/v2\/media?parent=9678"}],"wp:term":[{"taxonomy":"category","embeddable":true,"href":"https:\/\/3260.com.ar\/web\/wp-json\/wp\/v2\/categories?post=9678"},{"taxonomy":"post_tag","embeddable":true,"href":"https:\/\/3260.com.ar\/web\/wp-json\/wp\/v2\/tags?post=9678"}],"curies":[{"name":"wp","href":"https:\/\/api.w.org\/{rel}","templated":true}]}}