{"id":9798,"date":"2025-08-08T19:00:00","date_gmt":"2025-08-08T22:00:00","guid":{"rendered":"https:\/\/3260.com.ar\/web\/?p=9798"},"modified":"2025-08-08T14:29:23","modified_gmt":"2025-08-08T17:29:23","slug":"9-de-agosto-dia-de-la-educacion-especial","status":"publish","type":"post","link":"https:\/\/3260.com.ar\/web\/9-de-agosto-dia-de-la-educacion-especial\/","title":{"rendered":"9 DE AGOSTO \u00abDIA DE LA EDUCACI\u00d3N ESPECIAL\u00bb"},"content":{"rendered":"\n<p>La Educaci\u00f3n Especial es la modalidad del Sistema Educativo destinada a asegurar el derecho a la Educaci\u00f3n de las personas con discapacidad. La fecha deriva del Aniversario de la creaci\u00f3n de la Direcci\u00f3n de Educaci\u00f3n Especial, que tuvo lugar el 9 de agosto de 1949.<\/p>\n\n\n\n<p>La modalidad, se sit\u00faa hoy en una nueva dimensi\u00f3n, deja de centrar la mirada en el d\u00e9ficit de los sujetos, poniendo \u00e9nfasis en sus capacidades y las respuestas educativas, construyendo una educaci\u00f3n inclusiva.<\/p>\n\n\n\n<p>La modalidad de Educaci\u00f3n&nbsp;Especial, establecida en la&nbsp;Ley de Educaci\u00f3n Nacional, que fuera sancionada all\u00e1 por 2.006, propone asegurar el derecho a la educaci\u00f3n en todos los niveles y modalidades a las personas discapacitadas, al garantizarles un conjunto de servicios en escuelas&nbsp;especiales y comunes, desde la primera infancia hasta la adultez.<\/p>\n\n\n\n<p>Como alguna vez sostuviera Paulo Freire, \u00abla educaci\u00f3n es un acto de amor, por tanto, un acto de valor\u00bb, con lo cual, en Argentina, la Educaci\u00f3n Especial se encuentra orientada por el principio de inclusi\u00f3n educativa, y brinda atenci\u00f3n educativa en casos espec\u00edficos que no pueden ser abordados por la educaci\u00f3n com\u00fan.<\/p>\n\n\n\n<p>La celebraci\u00f3n es en homenaje a la creaci\u00f3n de la Direcci\u00f3n de Educaci\u00f3n Especial, que tuvo lugar el 9 de agosto de 1949, hecho que desencaden\u00f3 en la constituci\u00f3n de la modalidad, en el marco de la Ley de Educaci\u00f3n Nacional sancionada en 2006. Tiene como objetivo concienciar sobre la importancia de la educaci\u00f3n inclusiva y de los derechos de las personas con discapacidad.<\/p>\n\n\n\n<figure class=\"wp-block-image size-full\"><a href=\"https:\/\/3260.com.ar\/web\/wp-content\/uploads\/2025\/08\/image-35.png\"><img loading=\"lazy\" decoding=\"async\" width=\"933\" height=\"801\" src=\"https:\/\/3260.com.ar\/web\/wp-content\/uploads\/2025\/08\/image-35.png\" alt=\"\" class=\"wp-image-9800\" srcset=\"https:\/\/3260.com.ar\/web\/wp-content\/uploads\/2025\/08\/image-35.png 933w, https:\/\/3260.com.ar\/web\/wp-content\/uploads\/2025\/08\/image-35-300x258.png 300w, https:\/\/3260.com.ar\/web\/wp-content\/uploads\/2025\/08\/image-35-768x659.png 768w\" sizes=\"auto, (max-width: 933px) 100vw, 933px\" \/><\/a><\/figure>\n","protected":false},"excerpt":{"rendered":"<p>La Educaci\u00f3n Especial es la modalidad del Sistema Educativo destinada a asegurar el derecho a la Educaci\u00f3n de las personas con discapacidad. La fecha deriva del Aniversario de la creaci\u00f3n de la Direcci\u00f3n de Educaci\u00f3n Especial, que tuvo lugar el 9 de agosto de 1949. La modalidad, se sit\u00faa hoy en una nueva dimensi\u00f3n, deja [&hellip;]<\/p>\n","protected":false},"author":3,"featured_media":9799,"comment_status":"closed","ping_status":"closed","sticky":false,"template":"","format":"standard","meta":{"_jetpack_memberships_contains_paid_content":false,"footnotes":"","jetpack_publicize_message":"","jetpack_publicize_feature_enabled":true,"jetpack_social_post_already_shared":true,"jetpack_social_options":{"image_generator_settings":{"template":"highway","default_image_id":0,"enabled":false},"version":2}},"categories":[176],"tags":[60,2736],"class_list":["post-9798","post","type-post","status-publish","format-standard","has-post-thumbnail","hentry","category-educacion","tag-60","tag-dia-educacion-especial"],"jetpack_publicize_connections":[],"jetpack_featured_media_url":"https:\/\/3260.com.ar\/web\/wp-content\/uploads\/2025\/08\/dia-de-la-educacion-especial.png","jetpack_sharing_enabled":true,"_links":{"self":[{"href":"https:\/\/3260.com.ar\/web\/wp-json\/wp\/v2\/posts\/9798","targetHints":{"allow":["GET"]}}],"collection":[{"href":"https:\/\/3260.com.ar\/web\/wp-json\/wp\/v2\/posts"}],"about":[{"href":"https:\/\/3260.com.ar\/web\/wp-json\/wp\/v2\/types\/post"}],"author":[{"embeddable":true,"href":"https:\/\/3260.com.ar\/web\/wp-json\/wp\/v2\/users\/3"}],"replies":[{"embeddable":true,"href":"https:\/\/3260.com.ar\/web\/wp-json\/wp\/v2\/comments?post=9798"}],"version-history":[{"count":1,"href":"https:\/\/3260.com.ar\/web\/wp-json\/wp\/v2\/posts\/9798\/revisions"}],"predecessor-version":[{"id":9801,"href":"https:\/\/3260.com.ar\/web\/wp-json\/wp\/v2\/posts\/9798\/revisions\/9801"}],"wp:featuredmedia":[{"embeddable":true,"href":"https:\/\/3260.com.ar\/web\/wp-json\/wp\/v2\/media\/9799"}],"wp:attachment":[{"href":"https:\/\/3260.com.ar\/web\/wp-json\/wp\/v2\/media?parent=9798"}],"wp:term":[{"taxonomy":"category","embeddable":true,"href":"https:\/\/3260.com.ar\/web\/wp-json\/wp\/v2\/categories?post=9798"},{"taxonomy":"post_tag","embeddable":true,"href":"https:\/\/3260.com.ar\/web\/wp-json\/wp\/v2\/tags?post=9798"}],"curies":[{"name":"wp","href":"https:\/\/api.w.org\/{rel}","templated":true}]}}