{"id":9836,"date":"2025-08-17T19:00:00","date_gmt":"2025-08-17T22:00:00","guid":{"rendered":"https:\/\/3260.com.ar\/web\/?p=9836"},"modified":"2025-08-15T18:06:08","modified_gmt":"2025-08-15T21:06:08","slug":"educacion-victima-silenciosa-del-ajuste","status":"publish","type":"post","link":"https:\/\/3260.com.ar\/web\/educacion-victima-silenciosa-del-ajuste\/","title":{"rendered":"EDUCACI\u00d3N V\u00cdCTIMA SILENCIOSA DEL AJUSTE"},"content":{"rendered":"\n<p>Un informe del Centro de Estudio de Desarrollo Macroecon\u00f3mico (Cedma) indica que \u201clas cuentas p\u00fablicas arrojaron un d\u00e9ficit fiscal y financiero\u201d y que la educaci\u00f3n \u201ces la v\u00edctima silenciosa del ajuste\u201d: la calidad educativa est\u00e1 por debajo de la media nacional, obras frenadas y salarios docentes retrasados. \u201cEl ajuste no es un signo de \u2018responsabilidad fiscal\u2019 cuando se hace sobre las espaldas de los docentes, estudiantes y trabajadores\u201d.<\/p>\n\n\n\n<p>\u201cEntre R\u00edos: Abandono educativo, ajuste y endeudamiento\u201d, se titula un informe que difundi\u00f3 el ex secretario de la Producci\u00f3n, \u00c1lvaro Gab\u00e1s, economista del Cedma, en el que se se\u00f1ala que \u201cteniendo en cuenta el \u00faltimo informe de la Contadur\u00eda General de la Provincia de Entre R\u00edos (junio-25), las cuentas p\u00fablicas arrojaron un d\u00e9ficit fiscal y financiero\u201d.<\/p>\n\n\n\n<p>\u201cTal como se ha se\u00f1alado en los informes anteriores, la evoluci\u00f3n econ\u00f3mica &#8211; financiera de nuestra provincia refleja un estado de alerta. Con un endeudamiento de 500 millones de d\u00f3lares &#8211; en este momento en debate de la legislatura -, se profundiza a\u00fan m\u00e1s, el futuro socio-econ\u00f3mico de Entre R\u00edos\u201d, se sostiene en el informe.<\/p>\n\n\n\n<p>\u201cSeg\u00fan los guarismos fiscales, el resultado primario, reflej\u00f3 un d\u00e9ficit de $ 5.689 millones. Por su parte, el d\u00e9ficit financiero super\u00f3 los $ 60.312 millones. Es dable destacar que, el d\u00e9ficit fiscal se da a\u00fan en un marco de un agresivo ajuste en los gastos p\u00fablicos, tanto de \u00edndole corrientes como de capital\u201d.<\/p>\n\n\n\n<p>\u201cTal es as\u00ed, que en nuestra provincia no cuenta con inversi\u00f3n real directa (Obra p\u00fablica), pero adem\u00e1s no existen pol\u00edticas p\u00fablicas que mejoren la calidad de vida de los entrerrianos.<\/p>\n\n\n\n<p>Educaci\u00f3n: la v\u00edctima silenciosa del ajuste\u201d, se agrega luego.<\/p>\n\n\n\n<p>En este marco, se advierte que \u201cmientras el gobernador anuncia \u2018endeudamiento p\u00fablico\u2019, la educaci\u00f3n p\u00fablica se derrumba\u201d.<\/p>\n\n\n\n<p>Y marca tres puntos en este sentido:Seg\u00fan el Observatorio de Argentinos por la Educaci\u00f3n, solo el 38% de las escuelas provinciales est\u00e1 por encima del promedio nacional en rendimiento acad\u00e9mico.<\/p>\n\n\n\n<p>La partida de Educaci\u00f3n y Cultura creci\u00f3 74% interanual \u2013 junio\/25 vs junio\/24 -, muy por debajo de la inflaci\u00f3n, lo que implica menos recursos reales para el desarrollo educativo.<\/p>\n\n\n\n<p>Se frenan obras, se recortan suministros y los salarios docentes pierden poder adquisitivo.<\/p>\n\n\n\n<p>Se desarman programas nacionales como el Fonid y Conectividad, dejando a miles de alumnos y docentes sin herramientas b\u00e1sicas.<\/p>\n\n\n\n<p>\u201cAjustar en educaci\u00f3n es condenar a la provincia a perder capital humano, competitividad y desarrollo. Ajustar en obra p\u00fablica es resignarse a la par\u00e1lisis econ\u00f3mica. Tomar deuda en d\u00f3lares sin un plan productivo, es hipotecar las generaciones futuras\u201d, se advierte.<\/p>\n\n\n\n<p>\u201cEste gobierno provincial repite la receta del ajuste permanente: recortar, endeudar y esperar que la econom\u00eda se \u2018acomode como fuerza del cielo\u2019. El ajuste no es un signo de \u2018responsabilidad fiscal\u2019 cuando se hace sobre las espaldas de los docentes, estudiantes y trabajadores\u201d. <\/p>\n\n\n\n<p class=\"has-text-align-right has-small-font-size\">Fuente: (APFDigital)<\/p>\n\n\n\n<p><\/p>\n","protected":false},"excerpt":{"rendered":"<p>Un informe del Centro de Estudio de Desarrollo Macroecon\u00f3mico (Cedma) indica que \u201clas cuentas p\u00fablicas arrojaron un d\u00e9ficit fiscal y financiero\u201d y que la educaci\u00f3n \u201ces la v\u00edctima silenciosa del ajuste\u201d: la calidad educativa est\u00e1 por debajo de la media nacional, obras frenadas y salarios docentes retrasados. \u201cEl ajuste no es un signo de \u2018responsabilidad [&hellip;]<\/p>\n","protected":false},"author":3,"featured_media":9837,"comment_status":"closed","ping_status":"closed","sticky":false,"template":"","format":"standard","meta":{"_jetpack_memberships_contains_paid_content":false,"footnotes":"","jetpack_publicize_message":"","jetpack_publicize_feature_enabled":true,"jetpack_social_post_already_shared":true,"jetpack_social_options":{"image_generator_settings":{"template":"highway","default_image_id":0,"enabled":false},"version":2}},"categories":[176],"tags":[60,2752,2753],"class_list":["post-9836","post","type-post","status-publish","format-standard","has-post-thumbnail","hentry","category-educacion","tag-60","tag-educacion-empobrecida","tag-educacion-victima-de-ajuste"],"jetpack_publicize_connections":[],"jetpack_featured_media_url":"https:\/\/3260.com.ar\/web\/wp-content\/uploads\/2025\/08\/AULA-VACIA-2.jpg","jetpack_sharing_enabled":true,"_links":{"self":[{"href":"https:\/\/3260.com.ar\/web\/wp-json\/wp\/v2\/posts\/9836","targetHints":{"allow":["GET"]}}],"collection":[{"href":"https:\/\/3260.com.ar\/web\/wp-json\/wp\/v2\/posts"}],"about":[{"href":"https:\/\/3260.com.ar\/web\/wp-json\/wp\/v2\/types\/post"}],"author":[{"embeddable":true,"href":"https:\/\/3260.com.ar\/web\/wp-json\/wp\/v2\/users\/3"}],"replies":[{"embeddable":true,"href":"https:\/\/3260.com.ar\/web\/wp-json\/wp\/v2\/comments?post=9836"}],"version-history":[{"count":1,"href":"https:\/\/3260.com.ar\/web\/wp-json\/wp\/v2\/posts\/9836\/revisions"}],"predecessor-version":[{"id":9838,"href":"https:\/\/3260.com.ar\/web\/wp-json\/wp\/v2\/posts\/9836\/revisions\/9838"}],"wp:featuredmedia":[{"embeddable":true,"href":"https:\/\/3260.com.ar\/web\/wp-json\/wp\/v2\/media\/9837"}],"wp:attachment":[{"href":"https:\/\/3260.com.ar\/web\/wp-json\/wp\/v2\/media?parent=9836"}],"wp:term":[{"taxonomy":"category","embeddable":true,"href":"https:\/\/3260.com.ar\/web\/wp-json\/wp\/v2\/categories?post=9836"},{"taxonomy":"post_tag","embeddable":true,"href":"https:\/\/3260.com.ar\/web\/wp-json\/wp\/v2\/tags?post=9836"}],"curies":[{"name":"wp","href":"https:\/\/api.w.org\/{rel}","templated":true}]}}