{"id":9892,"date":"2025-08-25T17:47:32","date_gmt":"2025-08-25T20:47:32","guid":{"rendered":"https:\/\/3260.com.ar\/web\/?p=9892"},"modified":"2025-08-25T17:47:34","modified_gmt":"2025-08-25T20:47:34","slug":"dia-del-relator-de-futbol","status":"publish","type":"post","link":"https:\/\/3260.com.ar\/web\/dia-del-relator-de-futbol\/","title":{"rendered":"DIA DEL RELATOR DE F\u00daTBOL"},"content":{"rendered":"\n<p>El&nbsp;<strong>25 de agosto<\/strong>&nbsp;se celebra en Argentina el&nbsp;<strong>D\u00eda del Relator<\/strong>, una fecha especial para el f\u00fatbol y los medios de comunicaci\u00f3n, dedicada a homenajear a esos periodistas que transforman goles en recuerdos memorables. La jornada fue instaurada en honor a&nbsp;<strong>Jos\u00e9 Mar\u00eda Mu\u00f1oz<\/strong>, nacido un&nbsp;<strong>25 de agosto de 1924<\/strong>, y considerado por muchos como&nbsp;<strong>el relator m\u00e1s grande de la radiofon\u00eda argentina<\/strong>.<\/p>\n\n\n\n<p>Relatar no es solo contar lo que pasa. Es transmitir pasi\u00f3n, construir emociones, y muchas veces,&nbsp;<strong>hacer de un instante un recuerdo eterno<\/strong>. La voz del relator puede quedar asociada para siempre a un gol, una final, una carrera, o una jugada que marc\u00f3 historia.<\/p>\n\n\n\n<p>En CDELU SPORTS RADIO FM 98.9, realizan tan noble labor los relatores Ricardo Ariel Besel; Marcelo Sgalia; Narciso Dodera y Juan Manuel Pralong, en ellos vaya el saludo a todos quienes realizan esta tan noble como necesaria actividad comunicacional.<\/p>\n\n\n\n<figure class=\"wp-block-image size-full is-resized\"><a href=\"https:\/\/3260.com.ar\/web\/wp-content\/uploads\/2025\/08\/image-63.png\"><img loading=\"lazy\" decoding=\"async\" width=\"369\" height=\"386\" src=\"https:\/\/3260.com.ar\/web\/wp-content\/uploads\/2025\/08\/image-63.png\" alt=\"\" class=\"wp-image-9894\" style=\"width:429px;height:auto\" srcset=\"https:\/\/3260.com.ar\/web\/wp-content\/uploads\/2025\/08\/image-63.png 369w, https:\/\/3260.com.ar\/web\/wp-content\/uploads\/2025\/08\/image-63-287x300.png 287w\" sizes=\"auto, (max-width: 369px) 100vw, 369px\" \/><\/a><\/figure>\n\n\n\n<figure class=\"wp-block-image size-full is-resized\"><a href=\"https:\/\/3260.com.ar\/web\/wp-content\/uploads\/2025\/08\/image-64.png\"><img loading=\"lazy\" decoding=\"async\" width=\"715\" height=\"506\" src=\"https:\/\/3260.com.ar\/web\/wp-content\/uploads\/2025\/08\/image-64.png\" alt=\"\" class=\"wp-image-9895\" style=\"width:430px;height:auto\" srcset=\"https:\/\/3260.com.ar\/web\/wp-content\/uploads\/2025\/08\/image-64.png 715w, https:\/\/3260.com.ar\/web\/wp-content\/uploads\/2025\/08\/image-64-300x212.png 300w\" sizes=\"auto, (max-width: 715px) 100vw, 715px\" \/><\/a><\/figure>\n\n\n\n<figure class=\"wp-block-image size-full is-resized\"><a href=\"https:\/\/3260.com.ar\/web\/wp-content\/uploads\/2025\/08\/image-66.png\"><img loading=\"lazy\" decoding=\"async\" width=\"283\" height=\"386\" src=\"https:\/\/3260.com.ar\/web\/wp-content\/uploads\/2025\/08\/image-66.png\" alt=\"\" class=\"wp-image-9897\" style=\"width:429px;height:auto\" srcset=\"https:\/\/3260.com.ar\/web\/wp-content\/uploads\/2025\/08\/image-66.png 283w, https:\/\/3260.com.ar\/web\/wp-content\/uploads\/2025\/08\/image-66-220x300.png 220w\" sizes=\"auto, (max-width: 283px) 100vw, 283px\" \/><\/a><\/figure>\n\n\n\n<figure class=\"wp-block-image size-full is-resized\"><a href=\"https:\/\/3260.com.ar\/web\/wp-content\/uploads\/2025\/08\/image-67.png\"><img loading=\"lazy\" decoding=\"async\" width=\"290\" height=\"335\" src=\"https:\/\/3260.com.ar\/web\/wp-content\/uploads\/2025\/08\/image-67.png\" alt=\"\" class=\"wp-image-9898\" style=\"width:430px;height:auto\" srcset=\"https:\/\/3260.com.ar\/web\/wp-content\/uploads\/2025\/08\/image-67.png 290w, https:\/\/3260.com.ar\/web\/wp-content\/uploads\/2025\/08\/image-67-260x300.png 260w\" sizes=\"auto, (max-width: 290px) 100vw, 290px\" \/><\/a><\/figure>\n\n\n\n<p><\/p>\n","protected":false},"excerpt":{"rendered":"<p>El&nbsp;25 de agosto&nbsp;se celebra en Argentina el&nbsp;D\u00eda del Relator, una fecha especial para el f\u00fatbol y los medios de comunicaci\u00f3n, dedicada a homenajear a esos periodistas que transforman goles en recuerdos memorables. La jornada fue instaurada en honor a&nbsp;Jos\u00e9 Mar\u00eda Mu\u00f1oz, nacido un&nbsp;25 de agosto de 1924, y considerado por muchos como&nbsp;el relator m\u00e1s grande [&hellip;]<\/p>\n","protected":false},"author":3,"featured_media":9893,"comment_status":"closed","ping_status":"closed","sticky":false,"template":"","format":"standard","meta":{"_jetpack_memberships_contains_paid_content":false,"footnotes":"","jetpack_publicize_message":"","jetpack_publicize_feature_enabled":true,"jetpack_social_post_already_shared":true,"jetpack_social_options":{"image_generator_settings":{"template":"highway","default_image_id":0,"enabled":false},"version":2}},"categories":[173],"tags":[60,2767,2771,2769],"class_list":["post-9892","post","type-post","status-publish","format-standard","has-post-thumbnail","hentry","category-deportes","tag-60","tag-dia-del-relator","tag-juan-manuel-pralong","tag-marcelo-sgalia"],"jetpack_publicize_connections":[],"jetpack_featured_media_url":"https:\/\/3260.com.ar\/web\/wp-content\/uploads\/2025\/08\/Jose-Maria-Munoz.jpg","jetpack_sharing_enabled":true,"_links":{"self":[{"href":"https:\/\/3260.com.ar\/web\/wp-json\/wp\/v2\/posts\/9892","targetHints":{"allow":["GET"]}}],"collection":[{"href":"https:\/\/3260.com.ar\/web\/wp-json\/wp\/v2\/posts"}],"about":[{"href":"https:\/\/3260.com.ar\/web\/wp-json\/wp\/v2\/types\/post"}],"author":[{"embeddable":true,"href":"https:\/\/3260.com.ar\/web\/wp-json\/wp\/v2\/users\/3"}],"replies":[{"embeddable":true,"href":"https:\/\/3260.com.ar\/web\/wp-json\/wp\/v2\/comments?post=9892"}],"version-history":[{"count":1,"href":"https:\/\/3260.com.ar\/web\/wp-json\/wp\/v2\/posts\/9892\/revisions"}],"predecessor-version":[{"id":9899,"href":"https:\/\/3260.com.ar\/web\/wp-json\/wp\/v2\/posts\/9892\/revisions\/9899"}],"wp:featuredmedia":[{"embeddable":true,"href":"https:\/\/3260.com.ar\/web\/wp-json\/wp\/v2\/media\/9893"}],"wp:attachment":[{"href":"https:\/\/3260.com.ar\/web\/wp-json\/wp\/v2\/media?parent=9892"}],"wp:term":[{"taxonomy":"category","embeddable":true,"href":"https:\/\/3260.com.ar\/web\/wp-json\/wp\/v2\/categories?post=9892"},{"taxonomy":"post_tag","embeddable":true,"href":"https:\/\/3260.com.ar\/web\/wp-json\/wp\/v2\/tags?post=9892"}],"curies":[{"name":"wp","href":"https:\/\/api.w.org\/{rel}","templated":true}]}}