{"id":9913,"date":"2025-08-26T22:28:23","date_gmt":"2025-08-27T01:28:23","guid":{"rendered":"https:\/\/3260.com.ar\/web\/?p=9913"},"modified":"2025-08-26T22:28:27","modified_gmt":"2025-08-27T01:28:27","slug":"primera-fiesta-del-tejido-artesanal","status":"publish","type":"post","link":"https:\/\/3260.com.ar\/web\/primera-fiesta-del-tejido-artesanal\/","title":{"rendered":"PRIMERA FIESTA DEL TEJIDO ARTESANAL"},"content":{"rendered":"\n<p>La Secretar\u00eda de Desarrollo Social y Educaci\u00f3n de la ciudad de Concepci\u00f3n del Uruguay anuncia la concreci\u00f3n de la PRIMERA FIESTA DEL TEJIDO ARTESANAL.<\/p>\n\n\n\n<p>Como anfitriona est\u00e1 nominada la Escuela Municipal Tadea Jordan, donde se celebrar\u00e1 el arte del tejido en una jornada \u00fanica que honra nuestras tradiciones y el talento de manos creadoras.<\/p>\n\n\n\n<p>Un encuentro pensado para compartir saberes, apoyar la econom\u00eda local y poner en valor el trabajo de los alumnos, docentes y artesanos.<\/p>\n\n\n\n<p>El programa contempla exposiciones de piezas tejidas a mano, \u00a0muestras en crochet, dos agujas, telar y m\u00e1s.<\/p>\n\n\n\n<p>\u00a0Venta de productos \u00fanicos y llenos de identidad.<\/p>\n\n\n\n<p>\u00a0Ser\u00e1 el pr\u00f3ximo viernes 5 de septiembre de 2025, en la sede de  \u00a0Congreso de Tucum\u00e1n 24 de Concepci\u00f3n del Uruguay, durante el horario escolar.<\/p>\n\n\n\n<p><\/p>\n","protected":false},"excerpt":{"rendered":"<p>La Secretar\u00eda de Desarrollo Social y Educaci\u00f3n de la ciudad de Concepci\u00f3n del Uruguay anuncia la concreci\u00f3n de la PRIMERA FIESTA DEL TEJIDO ARTESANAL. Como anfitriona est\u00e1 nominada la Escuela Municipal Tadea Jordan, donde se celebrar\u00e1 el arte del tejido en una jornada \u00fanica que honra nuestras tradiciones y el talento de manos creadoras. Un [&hellip;]<\/p>\n","protected":false},"author":3,"featured_media":9915,"comment_status":"closed","ping_status":"closed","sticky":false,"template":"","format":"standard","meta":{"_jetpack_memberships_contains_paid_content":false,"footnotes":"","jetpack_publicize_message":"","jetpack_publicize_feature_enabled":true,"jetpack_social_post_already_shared":true,"jetpack_social_options":{"image_generator_settings":{"template":"highway","default_image_id":0,"enabled":false},"version":2}},"categories":[174],"tags":[60,2775,2776],"class_list":["post-9913","post","type-post","status-publish","format-standard","has-post-thumbnail","hentry","category-cultura","tag-60","tag-escuela-tadea-jordan","tag-fiesta-del-tejido-artesanal"],"jetpack_publicize_connections":[],"jetpack_featured_media_url":"https:\/\/3260.com.ar\/web\/wp-content\/uploads\/2025\/08\/Fiesta-TEjido-artesanal-2025.jpg","jetpack_sharing_enabled":true,"_links":{"self":[{"href":"https:\/\/3260.com.ar\/web\/wp-json\/wp\/v2\/posts\/9913","targetHints":{"allow":["GET"]}}],"collection":[{"href":"https:\/\/3260.com.ar\/web\/wp-json\/wp\/v2\/posts"}],"about":[{"href":"https:\/\/3260.com.ar\/web\/wp-json\/wp\/v2\/types\/post"}],"author":[{"embeddable":true,"href":"https:\/\/3260.com.ar\/web\/wp-json\/wp\/v2\/users\/3"}],"replies":[{"embeddable":true,"href":"https:\/\/3260.com.ar\/web\/wp-json\/wp\/v2\/comments?post=9913"}],"version-history":[{"count":1,"href":"https:\/\/3260.com.ar\/web\/wp-json\/wp\/v2\/posts\/9913\/revisions"}],"predecessor-version":[{"id":9916,"href":"https:\/\/3260.com.ar\/web\/wp-json\/wp\/v2\/posts\/9913\/revisions\/9916"}],"wp:featuredmedia":[{"embeddable":true,"href":"https:\/\/3260.com.ar\/web\/wp-json\/wp\/v2\/media\/9915"}],"wp:attachment":[{"href":"https:\/\/3260.com.ar\/web\/wp-json\/wp\/v2\/media?parent=9913"}],"wp:term":[{"taxonomy":"category","embeddable":true,"href":"https:\/\/3260.com.ar\/web\/wp-json\/wp\/v2\/categories?post=9913"},{"taxonomy":"post_tag","embeddable":true,"href":"https:\/\/3260.com.ar\/web\/wp-json\/wp\/v2\/tags?post=9913"}],"curies":[{"name":"wp","href":"https:\/\/api.w.org\/{rel}","templated":true}]}}